{"id":12175,"date":"2026-03-12T19:45:14","date_gmt":"2026-03-12T18:45:14","guid":{"rendered":"https:\/\/www.makrobios.si\/?p=12175"},"modified":"2026-04-12T16:58:14","modified_gmt":"2026-04-12T14:58:14","slug":"a-kozosen-a-reti-es-kerti-gyogynovenyek-ujrafelfedezesenek-utjan-projekt-eredmenyei","status":"publish","type":"post","link":"https:\/\/www.makrobios.si\/hu\/a-kozosen-a-reti-es-kerti-gyogynovenyek-ujrafelfedezesenek-utjan-projekt-eredmenyei\/","title":{"rendered":"A K\u00f6z\u00f6sen a r\u00e9ti \u00e9s kerti gy\u00f3gyn\u00f6v\u00e9nyek \u00fajrafelfedez\u00e9s\u00e9nek \u00fatj\u00e1n projekt eredm\u00e9nyei"},"content":{"rendered":"\n<p><strong>A projektr\u0151l<\/strong><\/p>\n\n<p>A <em>K\u00f6z\u00f6sen a r\u00e9ti \u00e9s kerti gy\u00f3gyn\u00f6v\u00e9nyek \u00fajrafelfedez\u00e9s\u00e9nek \u00fatj\u00e1n<\/em> projekt <strong>a k\u00f6rnyezeti \u00e9s \u00e9lelmiszer-oktat\u00e1ssal kapcsolatos tev\u00e9kenys\u00e9gekre<\/strong> \u00f6sszpontos\u00edtott, mint p\u00e9ld\u00e1ul a gy\u00f3gyn\u00f6v\u00e9nyek \u00e9s f\u0171szern\u00f6v\u00e9nyek eg\u00e9szs\u00e9gre gyakorolt fontoss\u00e1g\u00e1nak tudatos\u00edt\u00e1sa, az ehet\u0151 r\u00e9ti n\u00f6v\u00e9nyek \u00e9s f\u0171szern\u00f6v\u00e9nyek megismer\u00e9se, a gy\u00f3gyn\u00f6v\u00e9nyek termeszt\u00e9se \u00e9s feldolgoz\u00e1si technik\u00e1k, a feldolgoz\u00e1si \u00e9s felhaszn\u00e1l\u00e1si m\u00f3dok, valamint a k\u00fcl\u00f6nb\u00f6z\u0151 c\u00e9lokra t\u00f6rt\u00e9n\u0151 felhaszn\u00e1l\u00e1s gyakorlati bemutat\u00e1sa, amelyek az \u00e9rdekl\u0151d\u0151 nyilv\u00e1noss\u00e1g, a helyi \u00e1ltal\u00e1nos iskol\u00e1k tanul\u00f3i, az 50 \u00e9v felettiek \u00e9s a partners\u00e9g tagjai sz\u00e1m\u00e1ra k\u00e9sz\u00fcltek, akik a projekt sor\u00e1n k\u00e9pz\u00e9st kaptak a fenti t\u00e9m\u00e1kr\u00f3l.<\/p>\n\n<p>A fenti tev\u00e9kenys\u00e9gek keret\u00e9ben a projekt <strong>kieg\u00e9sz\u00edt\u0151 tev\u00e9kenys\u00e9get fejlesztett \u00e9s regisztr\u00e1lt a gazdas\u00e1gban.<\/strong> A partners\u00e9g k\u00eds\u00e9rleti jelleggel bevezette a kieg\u00e9sz\u00edt\u0151 tev\u00e9kenys\u00e9get a gazdas\u00e1gban, azaz a Lom gazdas\u00e1gban, amelyen kereszt\u00fcl a gazdas\u00e1g tagjai m\u00e1r a projekt ideje alatt \u00e9s annak lez\u00e1r\u00e1sa ut\u00e1n is gy\u00f3gyn\u00f6v\u00e9nyekkel kapcsolatos oktat\u00e1si workshopokat szerveztek \u00e9s tartottak. <\/p>\n\n<figure class=\"wp-block-image size-large\"><img fetchpriority=\"high\" decoding=\"async\" width=\"1024\" height=\"768\" src=\"https:\/\/www.makrobios.si\/wp-content\/uploads\/2026\/03\/image-5-1024x768.jpeg\" alt=\"\" class=\"wp-image-12151\" srcset=\"https:\/\/www.makrobios.si\/wp-content\/uploads\/2026\/03\/image-5-1024x768.jpeg 1024w, https:\/\/www.makrobios.si\/wp-content\/uploads\/2026\/03\/image-5-300x225.jpeg 300w, https:\/\/www.makrobios.si\/wp-content\/uploads\/2026\/03\/image-5-768x576.jpeg 768w, https:\/\/www.makrobios.si\/wp-content\/uploads\/2026\/03\/image-5-1536x1152.jpeg 1536w, https:\/\/www.makrobios.si\/wp-content\/uploads\/2026\/03\/image-5.jpeg 1600w\" sizes=\"(max-width: 1024px) 100vw, 1024px\" \/><\/figure>\n\n<figure class=\"wp-block-image size-large\"><img decoding=\"async\" width=\"768\" height=\"1024\" src=\"https:\/\/www.makrobios.si\/wp-content\/uploads\/2026\/03\/image-4-768x1024.jpeg\" alt=\"\" class=\"wp-image-12150\" srcset=\"https:\/\/www.makrobios.si\/wp-content\/uploads\/2026\/03\/image-4-768x1024.jpeg 768w, https:\/\/www.makrobios.si\/wp-content\/uploads\/2026\/03\/image-4-225x300.jpeg 225w, https:\/\/www.makrobios.si\/wp-content\/uploads\/2026\/03\/image-4-1152x1536.jpeg 1152w, https:\/\/www.makrobios.si\/wp-content\/uploads\/2026\/03\/image-4.jpeg 1200w\" sizes=\"(max-width: 768px) 100vw, 768px\" \/><\/figure>\n\n<figure class=\"wp-block-image size-full\"><img decoding=\"async\" width=\"960\" height=\"720\" src=\"https:\/\/www.makrobios.si\/wp-content\/uploads\/2026\/03\/image-3.jpeg\" alt=\"\" class=\"wp-image-12149\" srcset=\"https:\/\/www.makrobios.si\/wp-content\/uploads\/2026\/03\/image-3.jpeg 960w, https:\/\/www.makrobios.si\/wp-content\/uploads\/2026\/03\/image-3-300x225.jpeg 300w, https:\/\/www.makrobios.si\/wp-content\/uploads\/2026\/03\/image-3-768x576.jpeg 768w\" sizes=\"(max-width: 960px) 100vw, 960px\" \/><\/figure>\n\n<p>Gy\u00f3gyn\u00f6v\u00e9ny workshopok, 2023 \u0151sz.<\/p>\n\n<p><strong>A vid\u00e9ki gazdas\u00e1gi tev\u00e9kenys\u00e9gek diverzifik\u00e1l\u00e1sa<\/strong> \u00faj tev\u00e9kenys\u00e9gek bevezet\u00e9s\u00e9t jelenti a gazdas\u00e1gban, illetve a gazdas\u00e1gban v\u00e9gzett tev\u00e9kenys\u00e9gek soksz\u00edn\u0171s\u00e9g\u00e9nek n\u00f6vel\u00e9s\u00e9t. A kieg\u00e9sz\u00edt\u0151 tev\u00e9kenys\u00e9gek bevezet\u00e9se a gazdas\u00e1gba nagy fejleszt\u00e9si potenci\u00e1llal b\u00edr, k\u00fcl\u00f6n\u00f6sen a fenntarthat\u00f3 v\u00e1llalkoz\u00e1s r\u00e9szek\u00e9nt gazdas\u00e1gi, k\u00f6rnyezeti \u00e9s t\u00e1rsadalmi \u00e9rtelemben, p\u00e9ld\u00e1ul a kieg\u00e9sz\u00edt\u0151 tev\u00e9kenys\u00e9gek fejleszt\u00e9se a gazdas\u00e1gokban, f\u0151k\u00e9nt olyan ter\u00fcleteken, amelyek lehet\u0151v\u00e9 teszik az adott helyi k\u00f6rnyezet el\u0151nyeinek kihaszn\u00e1l\u00e1s\u00e1t (rendelkez\u00e9sre \u00e1ll\u00f3 munkaer\u0151, meg\u0151rz\u00f6tt k\u00f6rnyezet \u00e9s term\u00e9szet, gazdag term\u00e9szeti \u00e9s kultur\u00e1lis \u00f6r\u00f6ks\u00e9g, faanyag, z\u00f6ld turizmus, szoci\u00e1lis v\u00e1llalkoz\u00e1s \u00e9s helyi \u00f6nell\u00e1t\u00e1s). Ugyanakkor a helyi k\u00f6rnyezet endog\u00e9n potenci\u00e1ljainak nagyobb m\u00e9rt\u00e9k\u0171 hasznos\u00edt\u00e1s\u00e1nak \u00f6szt\u00f6nz\u00e9se nem ronthatja a k\u00f6rnyezet \u00e1llapot\u00e1t.    A <em>Egy\u00fctt az \u00faton a r\u00e9ti \u00e9s kerti gy\u00f3gyn\u00f6v\u00e9nyek \u00fajb\u00f3li megismer\u00e9s\u00e9\u00e9rt<\/em> projektben \u00f6sszekapcsoltuk a kultur\u00e1lis \u00f6r\u00f6ks\u00e9ghez \u2013 a gy\u00f3gyn\u00f6v\u00e9nyess\u00e9ghez \u2013 kapcsol\u00f3d\u00f3 tud\u00e1st, a gy\u00f3gyn\u00f6v\u00e9nyess\u00e9ggel kapcsolatos k\u00e9pz\u00e9st, valamint e tud\u00e1s jelent\u0151s\u00e9g\u00e9t a gazdas\u00e1gban v\u00e9gzett kieg\u00e9sz\u00edt\u0151 tev\u00e9kenys\u00e9g fejleszt\u00e9s\u00e9ben. <\/p>\n\n<figure class=\"wp-block-image size-large\"><img loading=\"lazy\" decoding=\"async\" width=\"768\" height=\"1024\" src=\"https:\/\/www.makrobios.si\/wp-content\/uploads\/2026\/03\/image-6-768x1024.jpeg\" alt=\"\" class=\"wp-image-12152\" srcset=\"https:\/\/www.makrobios.si\/wp-content\/uploads\/2026\/03\/image-6-768x1024.jpeg 768w, https:\/\/www.makrobios.si\/wp-content\/uploads\/2026\/03\/image-6-225x300.jpeg 225w, https:\/\/www.makrobios.si\/wp-content\/uploads\/2026\/03\/image-6.jpeg 1114w\" sizes=\"(max-width: 768px) 100vw, 768px\" \/><\/figure>\n\n<figure class=\"wp-block-image size-large\"><img loading=\"lazy\" decoding=\"async\" width=\"768\" height=\"1024\" src=\"https:\/\/www.makrobios.si\/wp-content\/uploads\/2026\/03\/image-8-768x1024.jpeg\" alt=\"\" class=\"wp-image-12154\" srcset=\"https:\/\/www.makrobios.si\/wp-content\/uploads\/2026\/03\/image-8-768x1024.jpeg 768w, https:\/\/www.makrobios.si\/wp-content\/uploads\/2026\/03\/image-8-225x300.jpeg 225w, https:\/\/www.makrobios.si\/wp-content\/uploads\/2026\/03\/image-8-1152x1536.jpeg 1152w, https:\/\/www.makrobios.si\/wp-content\/uploads\/2026\/03\/image-8.jpeg 1200w\" sizes=\"(max-width: 768px) 100vw, 768px\" \/><\/figure>\n\n<figure class=\"wp-block-image size-large\"><img loading=\"lazy\" decoding=\"async\" width=\"768\" height=\"1024\" src=\"https:\/\/www.makrobios.si\/wp-content\/uploads\/2026\/03\/image-7-768x1024.jpeg\" alt=\"\" class=\"wp-image-12153\" srcset=\"https:\/\/www.makrobios.si\/wp-content\/uploads\/2026\/03\/image-7-768x1024.jpeg 768w, https:\/\/www.makrobios.si\/wp-content\/uploads\/2026\/03\/image-7-225x300.jpeg 225w, https:\/\/www.makrobios.si\/wp-content\/uploads\/2026\/03\/image-7-1152x1536.jpeg 1152w, https:\/\/www.makrobios.si\/wp-content\/uploads\/2026\/03\/image-7.jpeg 1200w\" sizes=\"(max-width: 768px) 100vw, 768px\" \/><\/figure>\n\n<p>Gy\u00f3gyn\u00f6v\u00e9ny workshopok, 2024 \u0151sz (Gori\u010dko \u00e9s Idrija).<\/p>\n\n<p><strong>A projekt megval\u00f3s\u00edt\u00e1sa \u00e9s eredm\u00e9nyei<\/strong><\/p>\n\n<p>A projektbe \u00f6sszesen <strong>\u00f6t partner<\/strong> kapcsol\u00f3dott be, t\u00f6bbs\u00e9g\u00fck a Muravid\u00e9ki Gori\u010dk\u00f3b\u00f3l, egy kiv\u00e9tellel. K\u00f6zt\u00fck a projekt vezet\u0151 partnere a <strong>Makrobios Panonija<\/strong>, egy lucovai szoci\u00e1lis v\u00e1llalkoz\u00e1s, a <strong>Kocljevina<\/strong> Foglalkoztat\u00e1si K\u00f6zpont (Prosenjakovci) \u00e9s h\u00e1rom gazdas\u00e1g: a <strong>Lom gazdas\u00e1g<\/strong> Idrija felett; a <strong>Smodi\u0161 Turisztikai Gazdas\u00e1g<\/strong> Otovecb\u0151l \u00e9s <strong>Lovro Vehovar<\/strong>, a gy\u00f3gyn\u00f6v\u00e9nyismeret kultur\u00e1lis \u00f6r\u00f6ks\u00e9g\u00e9nek hordoz\u00f3ja, aki a Doljni Slave\u010diben tal\u00e1lhat\u00f3 Korina Gy\u00f3gyn\u00f6v\u00e9ny Birtok keret\u00e9ben tev\u00e9kenykedik. <\/p>\n\n<p>A Lom gazdas\u00e1g gy\u00f3gyn\u00f6v\u00e9nyekkel kapcsolatos tud\u00e1sszerz\u00e9si \u00e9s a gazdas\u00e1gban v\u00e9gzett kieg\u00e9sz\u00edt\u0151 tev\u00e9kenys\u00e9g fejleszt\u00e9si ig\u00e9nyei alapj\u00e1n elk\u00e9sz\u00fclt egy kerettervezet azokr\u00f3l a t\u00e9m\u00e1kr\u00f3l, amelyeket a partners\u00e9g \u00e9s az \u00e9rdekl\u0151d\u0151 nyilv\u00e1noss\u00e1g sz\u00e1m\u00e1ra szervezett workshopokon t\u00e1rgyalnak. <\/p>\n\n<p>A projekt sor\u00e1n 13 workshopot tartottunk k\u00fcl\u00f6nb\u00f6z\u0151, a gy\u00f3gyn\u00f6v\u00e9nyekkel \u00e9s a gazdas\u00e1gban v\u00e9gzett kieg\u00e9sz\u00edt\u0151 tev\u00e9kenys\u00e9ggel kapcsolatos t\u00e9m\u00e1kban: <\/p>\n\n<ul class=\"wp-block-list\">\n<li>Gy\u00f3gyn\u00f6v\u00e9nykert tervez\u00e9se \u00e9s kialak\u00edt\u00e1sa (Makrobios Panonija gazdas\u00e1g, Lucova)<\/li>\n\n\n\n<li>Gy\u00f3gyn\u00f6v\u00e9nyek termeszt\u00e9se (Korina Gy\u00f3gyn\u00f6v\u00e9ny Birtok, Doljni Slave\u010di)<\/li>\n\n\n\n<li>Gy\u00f3gyn\u00f6v\u00e9nyek gy\u0171jt\u00e9se a term\u00e9szetben \u00e9s vad \u00e9telek (Smodi\u0161 Turisztikai Gazdas\u00e1g)<\/li>\n\n\n\n<li>Hagyom\u00e1nyos gy\u00f3gyn\u00f6v\u00e9ny-k\u00e9sz\u00edtm\u00e9nyek \u00e9s szappank\u00e9sz\u00edt\u00e9s (Kocljevina \u00d6ko-szoci\u00e1lis Gazdas\u00e1g)<\/li>\n\n\n\n<li>Gy\u00f3gyn\u00f6v\u00e9nyek desztill\u00e1ci\u00f3ja (Korina Gy\u00f3gyn\u00f6v\u00e9ny Birtok, Doljni Slave\u010di)<\/li>\n\n\n\n<li>Gy\u00f3gyn\u00f6v\u00e9nyek sz\u00e1r\u00edt\u00e1sa (Makrobios Panonija gazdas\u00e1g, Lucova)<\/li>\n\n\n\n<li>Teakever\u00e9kek k\u00e9sz\u00edt\u00e9se (Smodi\u0161 Turisztikai Gazdas\u00e1g, Otovci)<\/li>\n\n\n\n<li>Vad gy\u00f3gyn\u00f6v\u00e9nyek a kertben \u00e9s a r\u00e9ten, gener\u00e1ci\u00f3k k\u00f6z\u00f6tti workshop a Gornji Petrovci \u00c1ltal\u00e1nos Iskola tanul\u00f3i \u00e9s nagysz\u00fcleik sz\u00e1m\u00e1ra (Makrobios Panonija gazdas\u00e1g, Lucova)<\/li>\n\n\n\n<li>Gy\u00f3gyn\u00f6v\u00e9nyek a r\u00e9ten \u00e9s a kertben, valamint felhaszn\u00e1l\u00e1suk a kulin\u00e1ri\u00e1ban, workshop a Prosenjakovci \u00c1ltal\u00e1nos Iskola tanul\u00f3i sz\u00e1m\u00e1ra<\/li>\n\n\n\n<li>N\u0151k, boszork\u00e1nyn\u00f6v\u00e9nyek \u00e9s eg\u00e9szs\u00e9g (Korina Gy\u00f3gyn\u00f6v\u00e9ny Birtok, Doljni Slave\u010di)<\/li>\n\n\n\n<li>Gy\u00f3gyn\u00f6v\u00e9nyismeret \u00e9s kieg\u00e9sz\u00edt\u0151 tev\u00e9kenys\u00e9g megnyit\u00e1sa a gazdas\u00e1gban (Makrobios Panonija gazdas\u00e1g, Lucova)<\/li>\n\n\n\n<li>S\u00e9ta gy\u00f3gyn\u00f6v\u00e9nygy\u0171jt\u0151vel (Lom gazdas\u00e1g Idrija felett, Razpotje)<\/li>\n\n\n\n<li>Gy\u00f3gyn\u00f6v\u00e9nykert tervez\u00e9se (Lom gazdas\u00e1g Idrija felett, Razpotje)<\/li>\n<\/ul>\n\n<figure class=\"wp-block-image size-large\"><img loading=\"lazy\" decoding=\"async\" width=\"577\" height=\"1024\" src=\"https:\/\/www.makrobios.si\/wp-content\/uploads\/2026\/03\/image-10-577x1024.jpeg\" alt=\"\" class=\"wp-image-12156\" srcset=\"https:\/\/www.makrobios.si\/wp-content\/uploads\/2026\/03\/image-10-577x1024.jpeg 577w, https:\/\/www.makrobios.si\/wp-content\/uploads\/2026\/03\/image-10-169x300.jpeg 169w, https:\/\/www.makrobios.si\/wp-content\/uploads\/2026\/03\/image-10-768x1364.jpeg 768w, https:\/\/www.makrobios.si\/wp-content\/uploads\/2026\/03\/image-10-865x1536.jpeg 865w, https:\/\/www.makrobios.si\/wp-content\/uploads\/2026\/03\/image-10.jpeg 901w\" sizes=\"(max-width: 577px) 100vw, 577px\" \/><\/figure>\n\n<figure class=\"wp-block-image size-large\"><img loading=\"lazy\" decoding=\"async\" width=\"577\" height=\"1024\" src=\"https:\/\/www.makrobios.si\/wp-content\/uploads\/2026\/03\/image-9-577x1024.jpeg\" alt=\"\" class=\"wp-image-12155\" srcset=\"https:\/\/www.makrobios.si\/wp-content\/uploads\/2026\/03\/image-9-577x1024.jpeg 577w, https:\/\/www.makrobios.si\/wp-content\/uploads\/2026\/03\/image-9-169x300.jpeg 169w, https:\/\/www.makrobios.si\/wp-content\/uploads\/2026\/03\/image-9-768x1364.jpeg 768w, https:\/\/www.makrobios.si\/wp-content\/uploads\/2026\/03\/image-9-865x1536.jpeg 865w, https:\/\/www.makrobios.si\/wp-content\/uploads\/2026\/03\/image-9.jpeg 901w\" sizes=\"(max-width: 577px) 100vw, 577px\" \/><\/figure>\n\n<figure class=\"wp-block-image size-large\"><img loading=\"lazy\" decoding=\"async\" width=\"577\" height=\"1024\" src=\"https:\/\/www.makrobios.si\/wp-content\/uploads\/2026\/03\/image-11-577x1024.jpeg\" alt=\"\" class=\"wp-image-12157\" srcset=\"https:\/\/www.makrobios.si\/wp-content\/uploads\/2026\/03\/image-11-577x1024.jpeg 577w, https:\/\/www.makrobios.si\/wp-content\/uploads\/2026\/03\/image-11-169x300.jpeg 169w, https:\/\/www.makrobios.si\/wp-content\/uploads\/2026\/03\/image-11-768x1364.jpeg 768w, https:\/\/www.makrobios.si\/wp-content\/uploads\/2026\/03\/image-11-865x1536.jpeg 865w, https:\/\/www.makrobios.si\/wp-content\/uploads\/2026\/03\/image-11.jpeg 901w\" sizes=\"(max-width: 577px) 100vw, 577px\" \/><\/figure>\n\n<p>Workshop a Lom gazdas\u00e1gban, 2025 \u0151sz.<\/p>\n\n<p>A workshopokat 2023 szeptember\u00e9ben, 2024 szeptember\u00e9ben \u00e9s a z\u00e1r\u00f3 workshopot 2025 okt\u00f3ber\u00e9ben tartottuk \u00f6sszesen 176 l\u00e1togat\u00f3 sz\u00e1m\u00e1ra. A workshopok sor\u00e1n az \u00e9rdekl\u0151d\u0151 nyilv\u00e1noss\u00e1got tudatos\u00edtottuk a gy\u00f3gyn\u00f6v\u00e9nyismeret mint kultur\u00e1lis \u00f6r\u00f6ks\u00e9g jelent\u0151s\u00e9g\u00e9r\u0151l, oktattuk \u0151ket mind a vad, mind a kerti gy\u00f3gyn\u00f6v\u00e9nyek szerep\u00e9r\u0151l a mindennapi felhaszn\u00e1l\u00e1sban k\u00fcl\u00f6nb\u00f6z\u0151 c\u00e9lokra \u2013 gy\u00f3gy\u00e1szati, kulin\u00e1ris \u00e9s egy\u00e9b. A workshopok keret\u00e9ben megvizsg\u00e1ltuk a kieg\u00e9sz\u00edt\u0151 tev\u00e9kenys\u00e9g fejleszt\u00e9s\u00e9nek lehet\u0151s\u00e9geit is a gazdas\u00e1gban a gy\u00f3gyn\u00f6v\u00e9nyismeret \u00e9s a k\u00f6rnyezeti \u00e9s \u00e9lelmiszer-oktat\u00e1s keret\u00e9ben. K\u00e9t workshopot tartottunk \u00e1ltal\u00e1nos iskol\u00e1sok sz\u00e1m\u00e1ra (Prosenjakovci \u00c1ltal\u00e1nos Iskola) \u00e9s \u00e1ltal\u00e1nos iskol\u00e1sok sz\u00e1m\u00e1ra nagysz\u00fcleikkel (Gornji Petrovci \u00c1ltal\u00e1nos Iskola) \u2013 gener\u00e1ci\u00f3k k\u00f6z\u00f6tti workshop.    <\/p>\n\n<p>A vezet\u0151 partner, a Makrobios Panonija <strong>15 \u00f3r\u00e1s k\u00e9pz\u00e9st<\/strong> is megval\u00f3s\u00edtott a partners\u00e9g tagja, a Lom gazdas\u00e1g sz\u00e1m\u00e1ra, amelyn\u00e9l a projekt sor\u00e1n kieg\u00e9sz\u00edt\u0151 tev\u00e9kenys\u00e9g fejl\u0151d\u00f6tt ki. A projekt megval\u00f3s\u00edt\u00e1s\u00e1nak utols\u00f3 \u00e9v\u00e9ben a <strong>Lom gazdas\u00e1g kieg\u00e9sz\u00edt\u0151 tev\u00e9kenys\u00e9g\u00e9t be is jegyezt\u00e9k<\/strong>, m\u00e9gpedig a SKD 85.590 Egy\u00e9b oktat\u00e1s, tov\u00e1bbk\u00e9pz\u00e9s \u00e9s k\u00e9pz\u00e9s tev\u00e9kenys\u00e9gi k\u00f6rben. A Lom gazdas\u00e1g tagja a projekt megval\u00f3s\u00edt\u00e1s\u00e1nak utols\u00f3 \u00e9v\u00e9ben <strong>az agr\u00e1rtev\u00e9kenys\u00e9g v\u00e9gz\u00e9s\u00e9b\u0151l ered\u0151en eg\u00e9szs\u00e9g-, szoci\u00e1lis \u00e9s nyugd\u00edjbiztos\u00edt\u00e1sba is bel\u00e9pett<\/strong>.   A projekt megval\u00f3s\u00edt\u00e1sa \u00e9rdek\u00e9ben a vezet\u0151 partner, a Makrobios Panonija \u00faj munkat\u00e1rsat alkalmazott, ami hozz\u00e1j\u00e1rult egy \u00faj (z\u00f6ld) vid\u00e9ki munkahely l\u00e9trej\u00f6tt\u00e9hez. <\/p>\n\n<figure class=\"wp-block-image size-large\"><img loading=\"lazy\" decoding=\"async\" width=\"577\" height=\"1024\" src=\"https:\/\/www.makrobios.si\/wp-content\/uploads\/2026\/03\/image-12-577x1024.jpeg\" alt=\"\" class=\"wp-image-12158\" srcset=\"https:\/\/www.makrobios.si\/wp-content\/uploads\/2026\/03\/image-12-577x1024.jpeg 577w, https:\/\/www.makrobios.si\/wp-content\/uploads\/2026\/03\/image-12-169x300.jpeg 169w, https:\/\/www.makrobios.si\/wp-content\/uploads\/2026\/03\/image-12-768x1364.jpeg 768w, https:\/\/www.makrobios.si\/wp-content\/uploads\/2026\/03\/image-12-865x1536.jpeg 865w, https:\/\/www.makrobios.si\/wp-content\/uploads\/2026\/03\/image-12.jpeg 901w\" sizes=\"(max-width: 577px) 100vw, 577px\" \/><\/figure>\n\n<figure class=\"wp-block-image size-large\"><img loading=\"lazy\" decoding=\"async\" width=\"577\" height=\"1024\" src=\"https:\/\/www.makrobios.si\/wp-content\/uploads\/2026\/03\/image-13-577x1024.jpeg\" alt=\"\" class=\"wp-image-12159\" srcset=\"https:\/\/www.makrobios.si\/wp-content\/uploads\/2026\/03\/image-13-577x1024.jpeg 577w, https:\/\/www.makrobios.si\/wp-content\/uploads\/2026\/03\/image-13-169x300.jpeg 169w, https:\/\/www.makrobios.si\/wp-content\/uploads\/2026\/03\/image-13-768x1364.jpeg 768w, https:\/\/www.makrobios.si\/wp-content\/uploads\/2026\/03\/image-13-865x1536.jpeg 865w, https:\/\/www.makrobios.si\/wp-content\/uploads\/2026\/03\/image-13.jpeg 901w\" sizes=\"(max-width: 577px) 100vw, 577px\" \/><\/figure>\n\n<figure class=\"wp-block-image size-large\"><img loading=\"lazy\" decoding=\"async\" width=\"576\" height=\"1024\" src=\"https:\/\/www.makrobios.si\/wp-content\/uploads\/2026\/03\/image-14-576x1024.jpeg\" alt=\"\" class=\"wp-image-12160\" srcset=\"https:\/\/www.makrobios.si\/wp-content\/uploads\/2026\/03\/image-14-576x1024.jpeg 576w, https:\/\/www.makrobios.si\/wp-content\/uploads\/2026\/03\/image-14-169x300.jpeg 169w, https:\/\/www.makrobios.si\/wp-content\/uploads\/2026\/03\/image-14-768x1365.jpeg 768w, https:\/\/www.makrobios.si\/wp-content\/uploads\/2026\/03\/image-14-864x1536.jpeg 864w, https:\/\/www.makrobios.si\/wp-content\/uploads\/2026\/03\/image-14.jpeg 900w\" sizes=\"(max-width: 576px) 100vw, 576px\" \/><\/figure>\n\n<p>A partners\u00e9g tagjainak \u2013 gazdas\u00e1gok \u2013 tud\u00e1s\u00e1nak \u00e1tad\u00e1sa olyan gazdas\u00e1goknak, amelyek nem tagjai a partners\u00e9gnek.<\/p>\n\n<p>A <strong>megszerzett tud\u00e1st \u00e9s tapasztalatokat<\/strong> a projekt teljes megval\u00f3s\u00edt\u00e1sa sor\u00e1n <strong>terjesztett\u00fck<\/strong> a k\u00f6vetkez\u0151 form\u00e1kban: <\/p>\n\n<p><strong>A tud\u00e1s gyakorlatba \u00fcltet\u00e9se a gazdas\u00e1gok sz\u00e1m\u00e1ra<\/strong>, a partners\u00e9gben nem r\u00e9szt vev\u0151 gazdas\u00e1goknak sz\u00f3l\u00f3, 16 \u00f3r\u00e1s program, amelyet k\u00e9t r\u00e9szben val\u00f3s\u00edtottunk meg a Smodi\u0161 Turisztikai Gazdas\u00e1gban \u00e9s a Kocljevina \u00f6ko-szoci\u00e1lis gazdas\u00e1gban. \u00c1ttekintett\u00fck a kieg\u00e9sz\u00edt\u0151 tev\u00e9kenys\u00e9g gazdas\u00e1gban t\u00f6rt\u00e9n\u0151 fejleszt\u00e9s\u00e9nek gyakorlati tapasztalatait a partners\u00e9g tagjai, a Smodi\u0161 Turisztikai Gazdas\u00e1g (Vlado Smodi\u0161) \u00e9s a Lom gazdas\u00e1g (\u0160tefan Likar) r\u00e9sz\u00e9r\u0151l, valamint a gy\u00f3gyn\u00f6v\u00e9nyess\u00e9ggel kapcsolatos t\u00e9m\u00e1kat, amelyeket elm\u00e9letben \u00e9s gyakorlatban Lovro Vehovar, a gy\u00f3gyn\u00f6v\u00e9nyess\u00e9g kultur\u00e1lis \u00f6r\u00f6ks\u00e9g\u00e9nek hordoz\u00f3ja adott \u00e1t (gy\u00f3gyn\u00f6v\u00e9nyek termeszt\u00e9se \u00e9s feldolgoz\u00e1sa, gy\u00f3gyn\u00f6v\u00e9nykert tervez\u00e9se, gy\u00f3gyn\u00f6v\u00e9nyes term\u00e9kek k\u00e9sz\u00edt\u00e9se \u2013 tinkt\u00far\u00e1k \u00e9s ecetek \u2013, valamint gy\u00f3gyn\u00f6v\u00e9nyek desztill\u00e1l\u00e1sa). <\/p>\n\n<p>A projektr\u0151l, a gy\u00f3gyn\u00f6v\u00e9nyismeret kultur\u00e1lis \u00f6r\u00f6ks\u00e9g meg\u0151rz\u00e9s\u00e9ben bet\u00f6lt\u00f6tt jelent\u0151s\u00e9g\u00e9r\u0151l, a r\u00e9ti \u00e9s kerti gy\u00f3gyn\u00f6v\u00e9nyek gy\u00f3gy\u00e1szati \u00e9s kulin\u00e1ris felhaszn\u00e1lhat\u00f3s\u00e1g\u00e1r\u00f3l, valamint a kieg\u00e9sz\u00edt\u0151 tev\u00e9kenys\u00e9g fejleszt\u00e9s\u00e9nek lehet\u0151s\u00e9geir\u0151l a gazdas\u00e1gban sz\u00f3l\u00f3 inform\u00e1ci\u00f3kat <strong>k\u00fcl\u00f6nb\u00f6z\u0151 kommunik\u00e1ci\u00f3s eszk\u00f6z\u00f6k\u00f6n<\/strong> kereszt\u00fcl terjesztett\u00fck a teljes projekt sor\u00e1n \u2013 a vezet\u0151 partner weboldal\u00e1n \u00e9s Facebook-oldal\u00e1n, m\u00e1s partnerek k\u00f6z\u00f6ss\u00e9gi h\u00e1l\u00f3zatain, valamint a Gornji Petrovci Novine kiadv\u00e1ny\u00e1ban (<a href=\"https:\/\/www.mojaobcina.si\/e_izdaje\/ljubljana\/Novine46spletnaverzija..pdf\" target=\"_blank\" rel=\"noopener\">2024, 46. sz\u00e1m<\/a>) \u00e9s a helyi <a href=\"https:\/\/www.youtube.com\/watch?v=IqA5dqZSFXQ\" target=\"_blank\" rel=\"noopener\">TV AS<\/a> telev\u00edzi\u00f3ban megjelent hozz\u00e1sz\u00f3l\u00e1son kereszt\u00fcl, az el\u00e9rt <strong>eredm\u00e9nyeket<\/strong> pedig <strong>nyilv\u00e1nos esem\u00e9nyen<\/strong> mutattuk be t\u00f6bb mint 15 gazdas\u00e1gnak. Mindezen tev\u00e9kenys\u00e9gek lehet\u0151v\u00e9 tett\u00e9k, hogy a projektben kifejlesztett megold\u00e1sok \u00e9s megszerzett tud\u00e1s a projekt lez\u00e1r\u00e1sa ut\u00e1n is rendelkez\u00e9sre \u00e1lljon. A projekt <strong>\u00e9rt\u00e9kel\u00e9s\u00e9t<\/strong> is elv\u00e9gezte egy k\u00fcls\u0151 szolg\u00e1ltat\u00f3.  <\/p>\n\n<figure class=\"wp-block-image size-large\"><img loading=\"lazy\" decoding=\"async\" width=\"577\" height=\"1024\" src=\"https:\/\/www.makrobios.si\/wp-content\/uploads\/2026\/03\/image-15-577x1024.jpeg\" alt=\"\" class=\"wp-image-12161\" srcset=\"https:\/\/www.makrobios.si\/wp-content\/uploads\/2026\/03\/image-15-577x1024.jpeg 577w, https:\/\/www.makrobios.si\/wp-content\/uploads\/2026\/03\/image-15-169x300.jpeg 169w, https:\/\/www.makrobios.si\/wp-content\/uploads\/2026\/03\/image-15-768x1364.jpeg 768w, https:\/\/www.makrobios.si\/wp-content\/uploads\/2026\/03\/image-15-865x1536.jpeg 865w, https:\/\/www.makrobios.si\/wp-content\/uploads\/2026\/03\/image-15.jpeg 901w\" sizes=\"(max-width: 577px) 100vw, 577px\" \/><\/figure>\n\n<figure class=\"wp-block-image size-large\"><img loading=\"lazy\" decoding=\"async\" width=\"577\" height=\"1024\" src=\"https:\/\/www.makrobios.si\/wp-content\/uploads\/2026\/03\/image-17-577x1024.jpeg\" alt=\"\" class=\"wp-image-12163\" srcset=\"https:\/\/www.makrobios.si\/wp-content\/uploads\/2026\/03\/image-17-577x1024.jpeg 577w, https:\/\/www.makrobios.si\/wp-content\/uploads\/2026\/03\/image-17-169x300.jpeg 169w, https:\/\/www.makrobios.si\/wp-content\/uploads\/2026\/03\/image-17-768x1364.jpeg 768w, https:\/\/www.makrobios.si\/wp-content\/uploads\/2026\/03\/image-17-865x1536.jpeg 865w, https:\/\/www.makrobios.si\/wp-content\/uploads\/2026\/03\/image-17.jpeg 901w\" sizes=\"(max-width: 577px) 100vw, 577px\" \/><\/figure>\n\n<figure class=\"wp-block-image size-large\"><img loading=\"lazy\" decoding=\"async\" width=\"577\" height=\"1024\" src=\"https:\/\/www.makrobios.si\/wp-content\/uploads\/2026\/03\/image-16-577x1024.jpeg\" alt=\"\" class=\"wp-image-12162\" srcset=\"https:\/\/www.makrobios.si\/wp-content\/uploads\/2026\/03\/image-16-577x1024.jpeg 577w, https:\/\/www.makrobios.si\/wp-content\/uploads\/2026\/03\/image-16-169x300.jpeg 169w, https:\/\/www.makrobios.si\/wp-content\/uploads\/2026\/03\/image-16-768x1364.jpeg 768w, https:\/\/www.makrobios.si\/wp-content\/uploads\/2026\/03\/image-16-865x1536.jpeg 865w, https:\/\/www.makrobios.si\/wp-content\/uploads\/2026\/03\/image-16.jpeg 901w\" sizes=\"(max-width: 577px) 100vw, 577px\" \/><\/figure>\n\n<p>A projekt eredm\u00e9nyeinek terjeszt\u00e9si esem\u00e9nye.<\/p>\n\n<p>A projektr\u0151l tov\u00e1bbi inform\u00e1ci\u00f3kat tal\u00e1lsz a <a href=\"https:\/\/www.makrobios.si\/hu\/egyutt-a-reti-es-kerti-gyogynovenyek-ujrafelfedezesenek-utjan\/\">vezet\u0151 partner weboldal\u00e1n<\/a>.<\/p>\n\n<p>A projekt csapata<\/p>\n\n<p>F\u00e9nyk\u00e9pek: a projekt arch\u00edvuma.<\/p>\n\n<p>A projekt 2023. szeptember 15-t\u0151l 3. 2026. okt\u00f3ber 15-ig 3. val\u00f3sult meg, \u00e9s az MKGP \u00e9s az EU finansz\u00edrozza a vid\u00e9kfejleszt\u00e9si mez\u0151gazdas\u00e1gi alapb\u00f3l. A projekt a 2014\u20132020-as VFP 3. nyilv\u00e1nos p\u00e1ly\u00e1zata keret\u00e9ben val\u00f3sul meg a 16.9 Alint\u00e9zked\u00e9sre \u2013 T\u00e1mogat\u00e1s a mez\u0151gazdas\u00e1gi tev\u00e9kenys\u00e9gek eg\u00e9szs\u00e9g\u00fcgyi ell\u00e1t\u00e1ssal, szoci\u00e1lis befogad\u00e1ssal, k\u00f6z\u00f6ss\u00e9g \u00e1ltal t\u00e1mogatott mez\u0151gazdas\u00e1ggal, valamint k\u00f6rnyezeti \u00e9s \u00e9lelmiszer-oktat\u00e1ssal kapcsolatos tev\u00e9kenys\u00e9gekk\u00e9 t\u00f6rt\u00e9n\u0151 diverzifik\u00e1ci\u00f3j\u00e1hoz (2021).  <\/p>\n\n<p>Tov\u00e1bbi inform\u00e1ci\u00f3k: <a href=\"https:\/\/agriculture.ec.europa.eu\/common-agricultural-policy\/rural-development_en\" target=\"_blank\" rel=\"noopener\">Eur\u00f3pai Mez\u0151gazdas\u00e1gi Vid\u00e9kfejleszt\u00e9si Alap<\/a> \u00e9s <a href=\"https:\/\/skp.si\/\" target=\"_blank\" rel=\"noopener\">a Szlov\u00e9n K\u00f6zt\u00e1rsas\u00e1g Vid\u00e9kfejleszt\u00e9si Programja.<\/a> <\/p>\n\n<p>Makrobios Panonija so. p., vezet\u0151 partner<\/p>\n\n<p>Lucova 33<\/p>\n\n<p>9203 Petrovci<\/p>\n\n<p>E-mail: <a href=\"mailto:makrobiospanonija33@gmail.com\">makrobiospanonija33@gmail.com<\/a><\/p>\n\n<p>Tel.: 031 630 970<\/p>\n\n<figure class=\"wp-block-image size-full\"><img loading=\"lazy\" decoding=\"async\" width=\"1024\" height=\"253\" src=\"https:\/\/www.makrobios.si\/wp-content\/uploads\/2024\/12\/02a-PRP-EU-SLO-1-1024x253-1.jpg\" alt=\"\" class=\"wp-image-7683\" srcset=\"https:\/\/www.makrobios.si\/wp-content\/uploads\/2024\/12\/02a-PRP-EU-SLO-1-1024x253-1.jpg 1024w, https:\/\/www.makrobios.si\/wp-content\/uploads\/2024\/12\/02a-PRP-EU-SLO-1-1024x253-1-300x74.jpg 300w, https:\/\/www.makrobios.si\/wp-content\/uploads\/2024\/12\/02a-PRP-EU-SLO-1-1024x253-1-768x190.jpg 768w\" sizes=\"(max-width: 1024px) 100vw, 1024px\" \/><\/figure>\n","protected":false},"excerpt":{"rendered":"<p>M\u00e1rciusban z\u00e1rjuk le az Eur\u00f3pai Innov\u00e1ci\u00f3s Partners\u00e9g (EIP 16.9) h\u00e1rom\u00e9ves projektj\u00e9t, az Egy\u00fctt az \u00faton a r\u00e9ti \u00e9s kerti gy\u00f3gyn\u00f6v\u00e9nyek \u00fajb\u00f3li megismer\u00e9s\u00e9\u00e9rt programot.<\/p>\n","protected":false},"author":2,"featured_media":10647,"comment_status":"closed","ping_status":"closed","sticky":false,"template":"","format":"standard","meta":{"uix_meta_title":"","uix_meta_description":"","uix_canonical_url":"","footnotes":""},"categories":[28],"tags":[54],"class_list":["post-12175","post","type-post","status-publish","format-standard","has-post-thumbnail","hentry","category-hir","tag-jelenlegi"],"_links":{"self":[{"href":"https:\/\/www.makrobios.si\/hu\/wp-json\/wp\/v2\/posts\/12175","targetHints":{"allow":["GET"]}}],"collection":[{"href":"https:\/\/www.makrobios.si\/hu\/wp-json\/wp\/v2\/posts"}],"about":[{"href":"https:\/\/www.makrobios.si\/hu\/wp-json\/wp\/v2\/types\/post"}],"author":[{"embeddable":true,"href":"https:\/\/www.makrobios.si\/hu\/wp-json\/wp\/v2\/users\/2"}],"replies":[{"embeddable":true,"href":"https:\/\/www.makrobios.si\/hu\/wp-json\/wp\/v2\/comments?post=12175"}],"version-history":[{"count":4,"href":"https:\/\/www.makrobios.si\/hu\/wp-json\/wp\/v2\/posts\/12175\/revisions"}],"predecessor-version":[{"id":12206,"href":"https:\/\/www.makrobios.si\/hu\/wp-json\/wp\/v2\/posts\/12175\/revisions\/12206"}],"wp:featuredmedia":[{"embeddable":true,"href":"https:\/\/www.makrobios.si\/hu\/wp-json\/wp\/v2\/media\/10647"}],"wp:attachment":[{"href":"https:\/\/www.makrobios.si\/hu\/wp-json\/wp\/v2\/media?parent=12175"}],"wp:term":[{"taxonomy":"category","embeddable":true,"href":"https:\/\/www.makrobios.si\/hu\/wp-json\/wp\/v2\/categories?post=12175"},{"taxonomy":"post_tag","embeddable":true,"href":"https:\/\/www.makrobios.si\/hu\/wp-json\/wp\/v2\/tags?post=12175"}],"curies":[{"name":"wp","href":"https:\/\/api.w.org\/{rel}","templated":true}]}}