{"id":11867,"date":"2026-01-22T09:31:35","date_gmt":"2026-01-22T08:31:35","guid":{"rendered":"https:\/\/www.makrobios.si\/?p=11867"},"modified":"2026-04-11T21:37:34","modified_gmt":"2026-04-11T19:37:34","slug":"elementor-11864","status":"publish","type":"post","link":"https:\/\/www.makrobios.si\/hu\/elementor-11864\/","title":{"rendered":"K\u00e9pz\u00e9s: tud\u00e1s\u00e1tad\u00e1s gazdas\u00e1gt\u00f3l gazdas\u00e1gnak"},"content":{"rendered":"\t\t<div data-elementor-type=\"wp-post\" data-elementor-id=\"11867\" class=\"elementor elementor-11867 elementor-11864\" data-elementor-post-type=\"post\">\n\t\t\t\t<div class=\"elementor-element elementor-element-ecd5a75 e-flex e-con-boxed e-con e-parent\" data-id=\"ecd5a75\" data-element_type=\"container\" data-e-type=\"container\">\n\t\t\t\t\t<div class=\"e-con-inner\">\n\t\t\t\t<div class=\"elementor-element elementor-element-af7603c elementor-widget elementor-widget-text-editor\" data-id=\"af7603c\" data-element_type=\"widget\" data-e-type=\"widget\" data-widget_type=\"text-editor.default\">\n\t\t\t\t\t\t\t\t\t<p><span style=\"font-weight: 400;\">A R\u00e9ti \u00e9s kerti gy\u00f3gyn\u00f6v\u00e9nyek \u00fajrafelfedez\u00e9s\u00e9nek \u00fatj\u00e1n egy\u00fctt projekt tev\u00e9kenys\u00e9geinek r\u00e9szek\u00e9nt 16 \u00f3r\u00e1ban val\u00f3s\u00edtottuk meg a projekt tud\u00e1s- \u00e9s inform\u00e1ci\u00f3\u00e1tad\u00e1s\u00e1t a gazdas\u00e1gok sz\u00e1m\u00e1ra.<\/span><\/p><p> <\/p><p><span style=\"font-weight: 400;\">A tud\u00e1st\u00e1r cser\u00e9j\u00e9t a t\u00e9l k\u00f6zep\u00e9n val\u00f3s\u00edtottuk meg, amikor a szezon m\u00e9g nem kezd\u0151d\u00f6tt el, \u00edgy a gazdas\u00e1gok tagjainak van ideje a tanul\u00e1sra. A tud\u00e1s\u00e1tad\u00e1s olyan gazdas\u00e1goknak sz\u00f3lt, amelyek nem tagjai a projektpartners\u00e9gnek, az oktat\u00e1st pedig a partners\u00e9gben r\u00e9szt vev\u0151, bejegyzett kieg\u00e9sz\u00edt\u0151 tev\u00e9kenys\u00e9get folytat\u00f3 gazdas\u00e1gok tartott\u00e1k. <\/span><\/p><p> <\/p><p><span style=\"font-weight: 400;\">Az els\u0151 napon, janu\u00e1r 19-\u00e9n, a projektpartner Smodi\u0161 turisztikai gazdas\u00e1gban gy\u0171lt\u00fcnk \u00f6ssze Otovci telep\u00fcl\u00e9sen, amely a turizmus mellett els\u0151sorban gy\u00fcm\u00f6lcstermeszt\u00e9ssel foglalkozik. <\/span><\/p><p><span style=\"font-weight: 400;\">Kezdetben bemutattuk a projektet \u00e9s a projekt f\u0151bb inform\u00e1ci\u00f3it \u00e9s tev\u00e9kenys\u00e9geit, a projektr\u0151l pedig t\u00f6bbet olvashatsz <a href=\"https:\/\/www.makrobios.si\/hu\/egyutt-a-reti-es-kerti-gyogynovenyek-ujrafelfedezesenek-utjan\/\">itt<\/a>. <\/span><\/p><p> <\/p><p><span style=\"font-weight: 400;\">Ezt k\u00f6vet\u0151en Vlado Smodi\u0161 bemutatta a Smodi\u0161 gazdas\u00e1got, amely gy\u00fcm\u00f6lcstermeszt\u00e9ssel \u00e9s turizmussal mint kieg\u00e9sz\u00edt\u0151 tev\u00e9kenys\u00e9ggel foglalkozik. Ismertette a gazdas\u00e1g fejl\u0151d\u00e9s\u00e9t \u00e9s a gy\u00fcm\u00f6lcstermeszt\u00e9sre val\u00f3 szakosod\u00e1s\u00e1t.  Megtekintett\u00fck a gazdas\u00e1g k\u00f6rny\u00e9k\u00e9n tal\u00e1lhat\u00f3 gy\u00fcm\u00f6lcsfa- \u00e9s cserje\u00fcltetv\u00e9nyeket. <\/span><\/p><p> <\/p><p><span style=\"font-weight: 400;\">A Smodi\u0161 turisztikai gazdas\u00e1g bemutat\u00f3j\u00e1t a Lom gazdas\u00e1g bemutat\u00f3ja k\u00f6vette, k\u00fcl\u00f6n\u00f6s hangs\u00falyt fektetve a gazdas\u00e1g kieg\u00e9sz\u00edt\u0151 tev\u00e9kenys\u00e9g\u00e9nek fejleszt\u00e9s\u00e9re, amelyet a gazdas\u00e1g tagjai, Ana \u00e9s \u0160tefan fejlesztettek a projekt sor\u00e1n, valamint az e fejleszt\u00e9s sor\u00e1n szerzett gondolatokra, akad\u00e1lyokra \u00e9s tanuls\u00e1gokra.<\/span><\/p><p> <\/p><p><span style=\"font-weight: 400;\">Eb\u00e9d ut\u00e1n Lovro Vehovar, a partners\u00e9g tagja a Korina Gy\u00f3gyn\u00f6v\u00e9nybirtokr\u00f3l, biol\u00f3gus \u00e9s a gy\u00f3gyn\u00f6v\u00e9ny\u00e9szet kultur\u00e1lis \u00f6r\u00f6ks\u00e9g\u00e9nek hordoz\u00f3ja bemutatta az \u00fatj\u00e1t, vagyis azt, hogyan v\u00e1lik valaki gy\u00f3gyn\u00f6v\u00e9ny\u00e9szsz\u00e9. <\/span><\/p><p> <\/p><p><span style=\"font-weight: 400;\">Ezt k\u00f6vette a gy\u00f3gyn\u00f6v\u00e9nykert tervez\u00e9s\u00e9nek workshopja, ahol a r\u00e9sztvev\u0151k tud\u00e1st kaptak a helysz\u00edn fontoss\u00e1g\u00e1r\u00f3l, a k\u00fcl\u00f6nb\u00f6z\u0151 c\u00e9lokhoz sz\u00fcks\u00e9ges m\u00e9retr\u0151l, a talaj \u00f6sszet\u00e9tel\u00e9r\u0151l \u00e9s a v\u00edz\u00e1raml\u00e1sokr\u00f3l, valamint minden m\u00e1s fontos szempontr\u00f3l a gy\u00f3gyn\u00f6v\u00e9nykert kialak\u00edt\u00e1s\u00e1n\u00e1l. <\/span><\/p><p> <\/p><p><span style=\"font-weight: 400;\">M\u00e1sodik nap, janu\u00e1r 20-\u00e1n, kedden egy m\u00e1sik helysz\u00ednen, a projekt partnerein\u00e9l \u2013 a proszenjakovci Kocljevina \u00f6ko-szoci\u00e1lis gazdas\u00e1gban \u2013 gy\u0171lt\u00fcnk \u00f6ssze. <\/span><\/p><p> <\/p><p><span style=\"font-weight: 400;\">Megn\u00e9zt\u00fck a Kocljevina \u00f6ko-szoci\u00e1lis gazdas\u00e1g f\u0171szerkertj\u00e9t, amit egy el\u0151ad\u00e1s \u00e9s k\u00e9t workshop k\u00f6vetett. Az el\u0151ad\u00e1son mindent megtudtunk a gy\u00f3gyn\u00f6v\u00e9nyek feldolgoz\u00e1s\u00e1r\u00f3l \u2013 a n\u00f6v\u00e9nyek el\u0151k\u00e9sz\u00edt\u00e9s\u00e9r\u0151l a tov\u00e1bbi folyamatokhoz, a k\u00fcl\u00f6nb\u00f6z\u0151 c\u00e9lokra szolg\u00e1l\u00f3 legjobb feldolgoz\u00e1si m\u00f3dokr\u00f3l \u00e9s a gy\u00f3gyn\u00f6v\u00e9nyek tov\u00e1bbi felhaszn\u00e1l\u00e1s\u00e1r\u00f3l.  Az el\u0151ad\u00e1s \u00e9s a Kocljevina munkat\u00e1rsai \u00e1ltal k\u00e9sz\u00edtett kiv\u00e1l\u00f3 eb\u00e9d ut\u00e1n k\u00e9t gyakorlati workshop k\u00f6vetkezett: az els\u0151n\u00e9l kendert lep\u00e1rolva ill\u00f3olajat \u00e9s hidrol\u00e1tumot k\u00e9sz\u00edtett\u00fcnk, a m\u00e1sodikn\u00e1l pedig megtanultunk tinkt\u00far\u00e1kat \u00e9s eceteket k\u00e9sz\u00edteni, \u00edgy kender-tinkt\u00far\u00e1t \u00e9s bodzavir\u00e1gos ecetet \u00e1ll\u00edtottunk el\u0151. <\/span><\/p><p> <\/p><p><span style=\"font-weight: 400;\">K\u00f6sz\u00f6nj\u00fck a partnereknek a tud\u00e1s\u00e1tad\u00e1s megval\u00f3s\u00edt\u00e1s\u00e1t \u00e9s vend\u00e9gl\u00e1t\u00e1s\u00e1t, valamint minden gazdas\u00e1g tagj\u00e1nak, akik r\u00e9szt vettek a tud\u00e1s\u00e1tad\u00e1son. <\/span><\/p>\t\t\t\t\t\t\t\t<\/div>\n\t\t\t\t\t<\/div>\n\t\t\t\t<\/div>\n\t\t<div class=\"elementor-element elementor-element-fb4c633 e-flex e-con-boxed e-con e-parent\" data-id=\"fb4c633\" data-element_type=\"container\" data-e-type=\"container\">\n\t\t\t\t\t<div class=\"e-con-inner\">\n\t\t\t\t<div class=\"elementor-element elementor-element-8d4ea5d elementor-widget elementor-widget-text-editor\" data-id=\"8d4ea5d\" data-element_type=\"widget\" data-e-type=\"widget\" data-widget_type=\"text-editor.default\">\n\t\t\t\t\t\t\t\t\t<p><span style=\"font-weight: 400;\">A tud\u00e1s\u00e1tad\u00e1s a \u201eEgy\u00fctt az \u00faton a r\u00e9ti \u00e9s kerti gy\u00f3gyn\u00f6v\u00e9nyek \u00fajb\u00f3li megismer\u00e9s\u00e9\u00e9rt\u201d projekt keret\u00e9ben val\u00f3sult meg, amelyet az MKGP \u00e9s az EU a Vid\u00e9kfejleszt\u00e9si Mez\u0151gazdas\u00e1gi Alapb\u00f3l finansz\u00edroz. A projekt a PRP 2014\u20132020 3. nyilv\u00e1nos p\u00e1ly\u00e1zati felh\u00edv\u00e1s\u00e1nak keret\u00e9ben val\u00f3sul meg, a 16.9-es alint\u00e9zked\u00e9s \u2013 a mez\u0151gazdas\u00e1gi tev\u00e9kenys\u00e9gek diverzifik\u00e1ci\u00f3j\u00e1nak t\u00e1mogat\u00e1sa az eg\u00e9szs\u00e9gv\u00e9delemmel, a t\u00e1rsadalmi befogad\u00e1ssal, a k\u00f6z\u00f6ss\u00e9g \u00e1ltal t\u00e1mogatott mez\u0151gazdas\u00e1ggal, valamint a k\u00f6rnyezeti \u00e9s \u00e9lelmiszer-oktat\u00e1ssal kapcsolatos tev\u00e9kenys\u00e9gekben (2021) \u2013 keret\u00e9ben.  <\/span><\/p><p><span style=\"color: #000000;\">Tov\u00e1bbi inform\u00e1ci\u00f3k: <\/span><a style=\"background-color: #ffffff; display: inline !important;\" href=\"https:\/\/agriculture.ec.europa.eu\/common-agricultural-policy\/rural-development_en\" target=\"_blank\" rel=\"noreferrer noopener\">Eur\u00f3pai Mez\u0151gazdas\u00e1gi Vid\u00e9kfejleszt\u00e9si Alap<\/a> <span style=\"color: #000000;\">\u00e9s <\/span><a style=\"background-color: #ffffff; display: inline !important;\" href=\"https:\/\/skp.si\/\" target=\"_blank\" rel=\"noopener\">Szlov\u00e9nia Vid\u00e9kfejleszt\u00e9si Programja.<\/a><span style=\"background-color: transparent; font-family: Arial, sans-serif; font-size: 13.5pt; text-align: justify; white-space-collapse: preserve;\"> <\/span><\/p>\t\t\t\t\t\t\t\t<\/div>\n\t\t\t\t\t<\/div>\n\t\t\t\t<\/div>\n\t\t<div class=\"elementor-element elementor-element-c3152b9 e-flex e-con-boxed e-con e-parent\" data-id=\"c3152b9\" data-element_type=\"container\" data-e-type=\"container\">\n\t\t\t\t\t<div class=\"e-con-inner\">\n\t\t\t\t<div class=\"elementor-element elementor-element-553d297 elementor-widget elementor-widget-image\" data-id=\"553d297\" data-element_type=\"widget\" data-e-type=\"widget\" data-widget_type=\"image.default\">\n\t\t\t\t\t\t\t\t\t\t\t\t\t\t\t<img decoding=\"async\" width=\"300\" height=\"74\" src=\"https:\/\/www.makrobios.si\/wp-content\/uploads\/2024\/12\/02a-PRP-EU-SLO-1-1024x253-1-300x74.jpg\" class=\"attachment-medium size-medium wp-image-10649\" alt=\"\" srcset=\"https:\/\/www.makrobios.si\/wp-content\/uploads\/2024\/12\/02a-PRP-EU-SLO-1-1024x253-1-300x74.jpg 300w, https:\/\/www.makrobios.si\/wp-content\/uploads\/2024\/12\/02a-PRP-EU-SLO-1-1024x253-1-768x190.jpg 768w, https:\/\/www.makrobios.si\/wp-content\/uploads\/2024\/12\/02a-PRP-EU-SLO-1-1024x253-1.jpg 1024w\" sizes=\"(max-width: 300px) 100vw, 300px\" \/>\t\t\t\t\t\t\t\t\t\t\t\t\t\t\t<\/div>\n\t\t\t\t\t<\/div>\n\t\t\t\t<\/div>\n\t\t\t\t<\/div>\n\t\t","protected":false},"excerpt":{"rendered":"<p>A R\u00e9ti \u00e9s kerti gy\u00f3gyn\u00f6v\u00e9nyek \u00fajrafelfedez\u00e9s\u00e9nek \u00fatj\u00e1n egy\u00fctt projekt tev\u00e9kenys\u00e9geinek r\u00e9szek\u00e9nt 16 \u00f3r\u00e1ban val\u00f3s\u00edtottuk meg a projekt tud\u00e1s- \u00e9s inform\u00e1ci\u00f3\u00e1tad\u00e1s\u00e1t a gazdas\u00e1gok sz\u00e1m\u00e1ra.<\/p>\n","protected":false},"author":2,"featured_media":11950,"comment_status":"closed","ping_status":"closed","sticky":false,"template":"","format":"standard","meta":{"uix_meta_title":"","uix_meta_description":"","uix_canonical_url":"","footnotes":""},"categories":[28],"tags":[54],"class_list":["post-11867","post","type-post","status-publish","format-standard","has-post-thumbnail","hentry","category-hir","tag-jelenlegi"],"_links":{"self":[{"href":"https:\/\/www.makrobios.si\/hu\/wp-json\/wp\/v2\/posts\/11867","targetHints":{"allow":["GET"]}}],"collection":[{"href":"https:\/\/www.makrobios.si\/hu\/wp-json\/wp\/v2\/posts"}],"about":[{"href":"https:\/\/www.makrobios.si\/hu\/wp-json\/wp\/v2\/types\/post"}],"author":[{"embeddable":true,"href":"https:\/\/www.makrobios.si\/hu\/wp-json\/wp\/v2\/users\/2"}],"replies":[{"embeddable":true,"href":"https:\/\/www.makrobios.si\/hu\/wp-json\/wp\/v2\/comments?post=11867"}],"version-history":[{"count":7,"href":"https:\/\/www.makrobios.si\/hu\/wp-json\/wp\/v2\/posts\/11867\/revisions"}],"predecessor-version":[{"id":12222,"href":"https:\/\/www.makrobios.si\/hu\/wp-json\/wp\/v2\/posts\/11867\/revisions\/12222"}],"wp:featuredmedia":[{"embeddable":true,"href":"https:\/\/www.makrobios.si\/hu\/wp-json\/wp\/v2\/media\/11950"}],"wp:attachment":[{"href":"https:\/\/www.makrobios.si\/hu\/wp-json\/wp\/v2\/media?parent=11867"}],"wp:term":[{"taxonomy":"category","embeddable":true,"href":"https:\/\/www.makrobios.si\/hu\/wp-json\/wp\/v2\/categories?post=11867"},{"taxonomy":"post_tag","embeddable":true,"href":"https:\/\/www.makrobios.si\/hu\/wp-json\/wp\/v2\/tags?post=11867"}],"curies":[{"name":"wp","href":"https:\/\/api.w.org\/{rel}","templated":true}]}}