{"id":10044,"date":"2024-06-21T12:50:32","date_gmt":"2024-06-21T10:50:32","guid":{"rendered":"https:\/\/www.makrobios.si\/zavrsetak-projekta-eip-cvjetni-travnjaci\/"},"modified":"2025-10-31T13:46:20","modified_gmt":"2025-10-31T12:46:20","slug":"zavrsetak-projekta-eip-cvjetni-travnjaci","status":"publish","type":"post","link":"https:\/\/www.makrobios.si\/hr\/zavrsetak-projekta-eip-cvjetni-travnjaci\/","title":{"rendered":"Zavr\u0161etak projekta EIP &#8211; Cvjetni travnjaci"},"content":{"rendered":"\t\t<div data-elementor-type=\"wp-post\" data-elementor-id=\"10044\" class=\"elementor elementor-10044 elementor-6720\" data-elementor-post-type=\"post\">\n\t\t\t\t<div class=\"elementor-element elementor-element-b4c896f e-flex e-con-boxed e-con e-parent\" data-id=\"b4c896f\" data-element_type=\"container\" data-e-type=\"container\">\n\t\t\t\t\t<div class=\"e-con-inner\">\n\t\t\t\t<div class=\"elementor-element elementor-element-536d46c elementor-widget elementor-widget-text-editor\" data-id=\"536d46c\" data-element_type=\"widget\" data-e-type=\"widget\" data-widget_type=\"text-editor.default\">\n\t\t\t\t\t\t\t\t\t<p>Makrobios Panonija so.p. smo tri godine uspje\u0161no vodili projekt Europskog partnerstva za inovacije (EIP)<br>Uklju\u010divanje ekosustavnih usluga u odr\u017eivo poljoprivredu na primjeru osiguravanja raznolikosti<br>vrsta cvjetnih travnjaka, koji zavr\u0161ava u lipnju 2024.  <\/p><p> <\/p><p><b><i>Svrha projekta<\/i><\/b><\/p><p>S popularnim izrazom cvjetni travnjaci ozna\u010davamo uglavnom (polu) suha ekstenzivna travnjaka, koja su po<br>svojoj raznolikosti vrsta jedna od najvrjednijih, ali ujedno i najugro\u017eenijih ekosustava u Europi. Na\u0161<br>projekt se odnosio na o\u010duvanje tih jedinstvenih stani\u0161ta, pove\u0107anje raznolikosti vrsta<br>unosom karakteristi\u010dnih autohtonih vrsta, koje su zbog pro\u0161le uporabe po\u010dele nestajati, te<br>promociju razli\u010ditih ekosustavnih usluga ekstenzivnih travnjaka, koje prema\u0161uju njihovu uporabu<br>za ispa\u0161u ili hranu doma\u0107im \u017eivotinjama (estetska, turisti\u010dka, rekreacijska vrijednost, uporabljivost divljih<br>biljaka u prehrani, zdravstvu itd.). Projekt se temeljio na povezivanju razli\u010ditih znanja (istra\u017eiva\u010dko-<br>akademskog, stru\u010dnog i korisni\u010dkog).<br>Svrha projekta je bila razviti i testirati mjere odnosno modele oblikovanja, o\u010duvanja i odr\u017eavanja<br>cvjetnih travnjaka u razli\u010ditim okoli\u0161nim uvjetima. Time smo \u017eeljeli cvjetnim travnjacima dodati nove<br>vrijednosti, \u0161to \u0107e omogu\u0107iti njihovo dugoro\u010dno o\u010duvanje te potencijalno pove\u0107ati ekonomsku<br>sigurnost poljoprivrednih gospodarstava.   <\/p>\t\t\t\t\t\t\t\t<\/div>\n\t\t\t\t\t<\/div>\n\t\t\t\t<\/div>\n\t\t<div class=\"elementor-element elementor-element-d03b4d4 e-flex e-con-boxed e-con e-parent\" data-id=\"d03b4d4\" data-element_type=\"container\" data-e-type=\"container\">\n\t\t\t\t\t<div class=\"e-con-inner\">\n\t\t\t\t<div class=\"elementor-element elementor-element-2b15465 elementor-widget elementor-widget-image\" data-id=\"2b15465\" data-element_type=\"widget\" data-e-type=\"widget\" data-widget_type=\"image.default\">\n\t\t\t\t\t\t\t\t\t\t\t\t<figure class=\"wp-caption\">\n\t\t\t\t\t\t\t\t\t\t<img fetchpriority=\"high\" decoding=\"async\" width=\"800\" height=\"600\" src=\"https:\/\/www.makrobios.si\/wp-content\/uploads\/2024\/06\/Ciljno-stanje-2-Narin-1024x768.jpg\" class=\"attachment-large size-large wp-image-10046\" alt=\"Ciljno stanje, kojem smo te\u017eili u projektu Cvjetni travnjaci (foto: dr. Klemen Eler)\" srcset=\"https:\/\/www.makrobios.si\/wp-content\/uploads\/2024\/06\/Ciljno-stanje-2-Narin-1024x768.jpg 1024w, https:\/\/www.makrobios.si\/wp-content\/uploads\/2024\/06\/Ciljno-stanje-2-Narin-300x225.jpg 300w, https:\/\/www.makrobios.si\/wp-content\/uploads\/2024\/06\/Ciljno-stanje-2-Narin-768x576.jpg 768w, https:\/\/www.makrobios.si\/wp-content\/uploads\/2024\/06\/Ciljno-stanje-2-Narin-1536x1152.jpg 1536w, https:\/\/www.makrobios.si\/wp-content\/uploads\/2024\/06\/Ciljno-stanje-2-Narin-2048x1536.jpg 2048w\" sizes=\"(max-width: 800px) 100vw, 800px\" \/>\t\t\t\t\t\t\t\t\t\t\t<figcaption class=\"widget-image-caption wp-caption-text\">Ciljno stanje, kojem smo te\u017eili u projektu Cvjetni travnjaci (foto: dr. Klemen Eler)<\/figcaption>\n\t\t\t\t\t\t\t\t\t\t<\/figure>\n\t\t\t\t\t\t\t\t\t<\/div>\n\t\t\t\t\t<\/div>\n\t\t\t\t<\/div>\n\t\t<div class=\"elementor-element elementor-element-f71cc91 e-flex e-con-boxed e-con e-parent\" data-id=\"f71cc91\" data-element_type=\"container\" data-e-type=\"container\">\n\t\t\t\t\t<div class=\"e-con-inner\">\n\t\t\t\t<div class=\"elementor-element elementor-element-f4caaa8 elementor-widget elementor-widget-text-editor\" data-id=\"f4caaa8\" data-element_type=\"widget\" data-e-type=\"widget\" data-widget_type=\"text-editor.default\">\n\t\t\t\t\t\t\t\t\t<p><em><strong>Provedba projekta, rezultati i zaklju\u010dci<\/strong><\/em><\/p><p>Prakti\u010dni dio projekta smo izveli na pet poljoprivrednih gospodarstava: Kmetija Zaplana 1890,<br>Makrobios Panonija so.p., TK Pri Andrejevih, TK \u0160iroko, Kmetija Slavka \u017dagarja. Poljoprivredna gospodarstva se<br>nalaze na razli\u010ditim krajevima Slovenije u okru\u017eenjima s razli\u010ditim karakteristikama.<\/p><p>Na temelju podataka, koje smo dobili s terenskim radom, uz pomo\u0107 znanja poljoprivrednih gospodarstava i iz literature smo<br>izabrali projektne plohe te ciljano oblikovali mjere i metode oblikovanja te o\u010duvanja travnjaka, koje<br>smo zatim u dvije sezone testirali i u praksi. Metode oblikovanja travnjaka su se odnosile na<br>ponovni unos nedostaju\u0107ih vrsta biljaka i su uklju\u010divale: nanos sijena, nanos ru\u010dno<br>nabranih zrelih sjemenki, komercijalne sjemenske mje\u0161avine te nanos svje\u017ee biomase s izabranih<br>donorskih vrstno bogatih povr\u0161ina u okolici projektnih ploha. Na svakom poljoprivrednom gospodarstvu smo izveli barem<br>jednu izmedu predlo\u017eenih mjera, u ve\u0107ini slu\u010dajeva pa smo uspjeli izvesti barem dvije razli\u010dite. Na poljoprivrednom gospodarstvu<br>Zaplana 1890 smo uspostavili i tzv. in situ gensku banku \u2013 za\u0161ti\u0107enu vrstno bogatu travnja\u010dku<br>povr\u0161inu, koja \u0107e mo\u0107i slu\u017eiti kako za obrazovne namjene, tako i kao izvor materijala za renaturaciju<br>travnjaka u regiji. Metode o\u010duvanja su uklju\u010divale smjernice i mjere za odr\u017eavanje izabranih<br>travnja\u010dkih povr\u0161ina kao \u0161to su: rijetka i kasna ko\u0161nja, bez ispa\u0161e (odnosno eventualno ekstenzivne) te<br>gnojenja, ru\u010dno uklanjanje ne\u017eeljenih biljaka, itd.<br>Metode smo tako testirali u vrlo razli\u010ditim klimatskim i zemlji\u0161nim uvjetima, \u0161to pove\u0107ava \u0161iru<br>uporabljivost zaklju\u010daka. Motiviranost poljoprivrednika za izvo\u0111enje predlo\u017eenih mjera je bila klju\u010dna, zato smo<br>davali veliki naglasak na ekosustavne usluge cvjetnih travnjaka te osvje\u0161tavali o uporabnoj<br>vrijednosti (kulinarika, obrazovanje, estetika, ljekovite biljke,&#8230;) biljnih vrsta vrstno bogatih<br>travnjaka. Potonje \u0107e biti uklju\u010deno i u priru\u010dnik dobre prakse, koji pripremamo, i mo\u0107i \u0107e tako slu\u017eiti<br>kao podloga za uklju\u010divanje cvjetnih travnjaka u ponudu odnosno djelatnosti na poljoprivrednom gospodarstvu.       <\/p><p><b>Dosegnuti ciljevi projekta:<br><\/b>&#8211; Izvedba mjera za ponovnu uspostavu cvjetnih travnjaka na zemlji\u0161tima, koja nemaju vi\u0161e<br>optimalan sastav zbog pro\u0161le uporabe,<br>&#8211; testiranje razli\u010ditih na\u010dina ponovnog unosa nedostaju\u0107ih vrsta biljaka,<br>&#8211; razvoj okvirnih smjernica za uspostavu i kasniju upravljanje ekstenzivnih travnjaka te<br>&#8211; osvje\u0161tavanje o dodanoj vrijednosti odnosno ekosustavnim uslugama tih travnjaka za poljoprivredna gospodarstva odnosno<br>poticanje estetske, turisti\u010dke i rekreacijske vrijednosti travnjaka te uporabljivost divljih biljaka<br>u prehrani i zdravstvu. <\/p><p><em><strong> <\/strong><\/em><\/p>\t\t\t\t\t\t\t\t<\/div>\n\t\t\t\t\t<\/div>\n\t\t\t\t<\/div>\n\t\t<div class=\"elementor-element elementor-element-7963577 e-flex e-con-boxed e-con e-parent\" data-id=\"7963577\" data-element_type=\"container\" data-e-type=\"container\">\n\t\t\t\t\t<div class=\"e-con-inner\">\n\t\t<div class=\"elementor-element elementor-element-951e5d3 e-con-full e-flex e-con e-parent\" data-id=\"951e5d3\" data-element_type=\"container\" data-e-type=\"container\">\n\t\t\t\t<div class=\"elementor-element elementor-element-fdd799c elementor-widget elementor-widget-image\" data-id=\"fdd799c\" data-element_type=\"widget\" data-e-type=\"widget\" data-widget_type=\"image.default\">\n\t\t\t\t\t\t\t\t\t\t\t\t<figure class=\"wp-caption\">\n\t\t\t\t\t\t\t\t\t\t<img decoding=\"async\" width=\"800\" height=\"600\" src=\"https:\/\/www.makrobios.si\/wp-content\/uploads\/2024\/06\/Monitoring-Makrobios2-1024x768.jpg\" class=\"attachment-large size-large wp-image-10049\" alt=\"Ogled po\u010detnog stanja na KG Makrobios Panonija so.p. u projektu Cvjetni travnjaci (foto: dr. Klemen Eler)\" srcset=\"https:\/\/www.makrobios.si\/wp-content\/uploads\/2024\/06\/Monitoring-Makrobios2-1024x768.jpg 1024w, https:\/\/www.makrobios.si\/wp-content\/uploads\/2024\/06\/Monitoring-Makrobios2-300x225.jpg 300w, https:\/\/www.makrobios.si\/wp-content\/uploads\/2024\/06\/Monitoring-Makrobios2-768x576.jpg 768w, https:\/\/www.makrobios.si\/wp-content\/uploads\/2024\/06\/Monitoring-Makrobios2-1536x1152.jpg 1536w, https:\/\/www.makrobios.si\/wp-content\/uploads\/2024\/06\/Monitoring-Makrobios2-2048x1536.jpg 2048w\" sizes=\"(max-width: 800px) 100vw, 800px\" \/>\t\t\t\t\t\t\t\t\t\t\t<figcaption class=\"widget-image-caption wp-caption-text\">Ogled po\u010detnog stanja na KG Makrobios Panonija so.p. (foto: dr. Klemen Eler) <\/figcaption>\n\t\t\t\t\t\t\t\t\t\t<\/figure>\n\t\t\t\t\t\t\t\t\t<\/div>\n\t\t\t\t<\/div>\n\t\t<div class=\"elementor-element elementor-element-2808d9d e-con-full e-flex e-con e-parent\" data-id=\"2808d9d\" data-element_type=\"container\" data-e-type=\"container\">\n\t\t\t\t<div class=\"elementor-element elementor-element-e46b6c6 elementor-widget elementor-widget-image\" data-id=\"e46b6c6\" data-element_type=\"widget\" data-e-type=\"widget\" data-widget_type=\"image.default\">\n\t\t\t\t\t\t\t\t\t\t\t\t<figure class=\"wp-caption\">\n\t\t\t\t\t\t\t\t\t\t<img decoding=\"async\" width=\"605\" height=\"605\" src=\"https:\/\/www.makrobios.si\/wp-content\/uploads\/2024\/06\/Prenos-sveze-pokosene-trave-Makrobios-jul22.jpg\" class=\"attachment-large size-large wp-image-10050\" alt=\"Nanos svje\u017ee biomase na izabranu ciljnu povr\u0161inu na KG Makrobios Panonija so.p. u okviru projekta Cvjetni travnjaci (foto: arhiv KG Makrobios Panonija so.p.)\" srcset=\"https:\/\/www.makrobios.si\/wp-content\/uploads\/2024\/06\/Prenos-sveze-pokosene-trave-Makrobios-jul22.jpg 605w, https:\/\/www.makrobios.si\/wp-content\/uploads\/2024\/06\/Prenos-sveze-pokosene-trave-Makrobios-jul22-300x300.jpg 300w, https:\/\/www.makrobios.si\/wp-content\/uploads\/2024\/06\/Prenos-sveze-pokosene-trave-Makrobios-jul22-150x150.jpg 150w\" sizes=\"(max-width: 605px) 100vw, 605px\" \/>\t\t\t\t\t\t\t\t\t\t\t<figcaption class=\"widget-image-caption wp-caption-text\">Nanos svje\u017ee biomase na izabranu ciljnu povr\u0161inu na KG Makrobios Panonija so.p. (foto: arhiv KG Makrobios Panonija so.p.) <\/figcaption>\n\t\t\t\t\t\t\t\t\t\t<\/figure>\n\t\t\t\t\t\t\t\t\t<\/div>\n\t\t\t\t<\/div>\n\t\t\t\t\t<\/div>\n\t\t\t\t<\/div>\n\t\t<div class=\"elementor-element elementor-element-1a56f96 e-flex e-con-boxed e-con e-parent\" data-id=\"1a56f96\" data-element_type=\"container\" data-e-type=\"container\">\n\t\t\t\t\t<div class=\"e-con-inner\">\n\t\t\t\t<div class=\"elementor-element elementor-element-9bfee63 elementor-widget elementor-widget-text-editor\" data-id=\"9bfee63\" data-element_type=\"widget\" data-e-type=\"widget\" data-widget_type=\"text-editor.default\">\n\t\t\t\t\t\t\t\t\t<p>Za uspje\u0161nu izvedbu projekta je bilo bitno sudjelovanje poljoprivrednika i stru\u010dnjaka. Mjere smo<br>zasnovali zajedno s partnerskim poljoprivrednim gospodarstvima. Budu\u0107i da je u praksi te\u0161ko provjeriti kvalitetu izabranog<br>sjemenskog materijala, smo izveli vi\u0161ekratni unos ve\u0107ih koli\u010dina svje\u017ee biomase odnosno drobirja<br>provjerenog izvora iz izabranih ustreznih bogatih travnjaka u okolici. Ru\u010dno nabiranje sjemenki je vremenski<br>zahtjevno, ali su kvaliteta i koli\u010dina mogu bolje regulirana. S komercijalnim mje\u0161avinama ili pri unosu<br>mje\u0161avina nepoznatog porijekla je jo\u0161 uvijek (pre)velika mogu\u0107nost unosa ne\u017eeljenih vrsta. Pored nepovoljnih<br>vremenskih pojava (su\u0161a) pri pridobivanju sjemenskog materijala predstavljaju izazov i razli\u010diti<br>razvojni ciklusi ciljnih biljnih vrsta. Za \u0161to ve\u0107i u\u010dinak je bila potrebna kombinacija metoda odnosno vi\u0161e<br>unosa sjemenskih mje\u0161avina, pridobljenih u razli\u010ditim razdobljima.        <\/p>\t\t\t\t\t\t\t\t<\/div>\n\t\t\t\t\t<\/div>\n\t\t\t\t<\/div>\n\t\t<div class=\"elementor-element elementor-element-513f4fa e-flex e-con-boxed e-con e-parent\" data-id=\"513f4fa\" data-element_type=\"container\" data-e-type=\"container\">\n\t\t\t\t\t<div class=\"e-con-inner\">\n\t\t\t\t<div class=\"elementor-element elementor-element-fedce94 elementor-widget elementor-widget-text-editor\" data-id=\"fedce94\" data-element_type=\"widget\" data-e-type=\"widget\" data-widget_type=\"text-editor.default\">\n\t\t\t\t\t\t\t\t\t<p><strong><em>Osvje\u0161tavanje o projektu i prijenos znanja<\/em><\/strong><\/p><p>Va\u017eno mjesto u projektu smo namijenili osvje\u0161tavanju i stru\u010dnoj podr\u0161ci kako partnerskih poljoprivrednih gospodarstava<br>tako i \u0161ire lai\u010dke i stru\u010dne javnosti. Pri tome je bilo u prvom planu lokalno stanovni\u0161tvo i poljoprivredna<br>gospodarstva te mladi, koji se obrazuju u visoko\u0161kolskim programima s podru\u010dja poljoprivrede, okoli\u0161nog<br>planiranja, biologije itd. <\/p><p> <\/p><p><b>\uf076 Program osposobljavanja za poljoprivredna gospodarstva<br><\/b>Uspje\u0161no smo izveli cijeli Program osposobljavanja, s kojim smo pridonijeli k pove\u0107anju<br>osposobljenosti poljoprivrednih gospodarstava s podru\u010dja uspostavljanja, o\u010duvanja i odr\u017eive uporabe<br>(polu)suhih ekstenzivnih travnjaka te k ve\u0107oj osvije\u0161tenosti o zna\u010denju te ekosustavnim uslugama tih<br>travnjaka za poljoprivredna gospodarstva.<\/p><p><br><i>Izvele su se 3 radionice u ukupnom broju 9 sati sa sljede\u0107im tematikama:<\/i><\/p><p><i><br><\/i>&#8211; Pristupi uspostave biotski raznovrsnih travnjaka, gdje smo u prvom dijelu predstavili<br>nastanak i zna\u010denje vrstno bogatih cvjetnih travnjaka. To je klju\u010dni prvi korak, koji vodi k<br>boljem razumijevanju poljoprivrednika glede te tematike (i ih predvidljivo vi\u0161e motivira k aktivnom<br>sudjelovanju). U drugom dijelu pa smo prestavili i nekoliko konkretnih tehni\u010dkih i tehnolo\u0161kih<br>pristupa k uspostavljanju vrstno bogatih travnjaka. S time smo poljoprivrednike vi\u0161e opunomo\u0107ili s<br>znanjima o na\u010dinima izvedbe zadanih mjera u projektu.   <\/p><p><br>&#8211; Primjeri postupaka za ponovni unos biljnih vrsta, gdje smo predstavnicima KG i ostalim iz<br>zainteresirane javnosti predstavili na\u0161 projekt &#8211; ciljeve, planirane i izvedene mjere te i<br>prikazali ru\u010dno sijanje ru\u010dno nabrane sjemenske mje\u0161avine na povr\u0161ini, koja je namijenjena<br>sjemenskoj banci in-situ.<\/p><p><br>&#8211; Uporabljivost biljnih vrsta cvjetnih travnjaka, gdje smo predstavili ekosustavne usluge<br>vrstno bogatih travnjaka. Predstavljen je bio njihov korisni\u010dki vidik: medonosne biljke za<br>p\u010delinju pa\u0161u, kulinarika, ljekovite biljke, bojadisarske biljke, turizam, obrazovanje itd. na<br>primjerima biljaka s travnja\u010dki povr\u0161ina partnerskih poljoprivrednih gospodarstava. U vezi s uporabom biljaka cvjetnih<br>travnjaka u prehrambene i ljekovite namjene smo predstavili najvi\u0161e otrovne biljke, koje smo<br>ih popisali na travnjacima partnerskih poljoprivrednih gospodarstava. Upozorili smo i na za\u0161ti\u0107ene biljke, koje<br>uspijevaju na povr\u0161inama uklju\u010denim u projekt i s time povezano zakonodavstvo. Na osposobljavanju<br>smo predstavili utjecaj pove\u0107avanja biodiverzitete na krmnu vrijednost travne ru\u0161e, koji \u0107e<br>omogu\u0107iti poljoprivredniku, da izabere za njegove potrebe optimalnu strategiju i ekosustavne usluge.     <\/p>\t\t\t\t\t\t\t\t<\/div>\n\t\t\t\t\t<\/div>\n\t\t\t\t<\/div>\n\t\t<div class=\"elementor-element elementor-element-e97cc26 e-flex e-con-boxed e-con e-parent\" data-id=\"e97cc26\" data-element_type=\"container\" data-e-type=\"container\">\n\t\t\t\t\t<div class=\"e-con-inner\">\n\t\t\t\t<div class=\"elementor-element elementor-element-458eac4 elementor-widget elementor-widget-image\" data-id=\"458eac4\" data-element_type=\"widget\" data-e-type=\"widget\" data-widget_type=\"image.default\">\n\t\t\t\t\t\t\t\t\t\t\t\t<figure class=\"wp-caption\">\n\t\t\t\t\t\t\t\t\t\t<img loading=\"lazy\" decoding=\"async\" width=\"800\" height=\"602\" src=\"https:\/\/www.makrobios.si\/wp-content\/uploads\/2024\/06\/Usposabjanje-za-KG-Zaplana1-1024x771.jpg\" class=\"attachment-large size-large wp-image-10052\" alt=\"Osposobljavanje za poljoprivredna gospodarstva na poljoprivrednom gospodarstvu Zaplana 1890. u sklopu projekta Cvjetni travnjaci.\" srcset=\"https:\/\/www.makrobios.si\/wp-content\/uploads\/2024\/06\/Usposabjanje-za-KG-Zaplana1-1024x771.jpg 1024w, https:\/\/www.makrobios.si\/wp-content\/uploads\/2024\/06\/Usposabjanje-za-KG-Zaplana1-300x226.jpg 300w, https:\/\/www.makrobios.si\/wp-content\/uploads\/2024\/06\/Usposabjanje-za-KG-Zaplana1-768x578.jpg 768w, https:\/\/www.makrobios.si\/wp-content\/uploads\/2024\/06\/Usposabjanje-za-KG-Zaplana1-1536x1157.jpg 1536w, https:\/\/www.makrobios.si\/wp-content\/uploads\/2024\/06\/Usposabjanje-za-KG-Zaplana1-2048x1542.jpg 2048w\" sizes=\"(max-width: 800px) 100vw, 800px\" \/>\t\t\t\t\t\t\t\t\t\t\t<figcaption class=\"widget-image-caption wp-caption-text\">Osposobljavanje za poljoprivredna gospodarstva na poljoprivrednom gospodarstvu Zaplana 1890.<\/figcaption>\n\t\t\t\t\t\t\t\t\t\t<\/figure>\n\t\t\t\t\t\t\t\t\t<\/div>\n\t\t\t\t\t<\/div>\n\t\t\t\t<\/div>\n\t\t<div class=\"elementor-element elementor-element-a69735c e-flex e-con-boxed e-con e-parent\" data-id=\"a69735c\" data-element_type=\"container\" data-e-type=\"container\">\n\t\t\t\t\t<div class=\"e-con-inner\">\n\t\t\t\t<div class=\"elementor-element elementor-element-0eb0503 elementor-widget elementor-widget-text-editor\" data-id=\"0eb0503\" data-element_type=\"widget\" data-e-type=\"widget\" data-widget_type=\"text-editor.default\">\n\t\t\t\t\t\t\t\t\t<p><b>\uf076 Prijenosi znanja u praksu<\/b><\/p>\n<p>Izveli smo ukupno 7 radionica, ekskurzija odnosno predavanja, koje su ih izvodili razli\u010diti partneri: istra\u017eiva\u010dke,<br>savjetodavne, obrazovne institucije te i partnerska poljoprivredna gospodarstva. Prijenosi znanja su bili<br>namijenjeni za \u0161irok spektar ciljnih publika: ostala poljoprivredna gospodarstva, stru\u010dnjake s podru\u010dja<br>poljoprivrede, itd. Veliki naglasak smo dali i obrazovanju mladih, budu\u0107i da smo izveli \u010dak tri stru\u010dne<br>ekskurzije na lokacije izvedbe prakti\u010dnog preizkusa projekta za studente, uklju\u010dene u programe<br>Biotehni\u010dkog fakulteta kao \u0161to su agronomija i krajobrazna arhitektura.<br>O projektu i projektnim aktivnostima smo osvje\u0161tavali preko razli\u010ditih komunikacijskih sredstava (dru\u0161tvena<br>mre\u017ee, web stranice, tiskani medij, \u2026) s ciljem, da zahvatimo \u0161to \u0161iru ciljnu publiku. Na prijenosima<br>znanja u praksu te osposobljavanjima smo aktivno uklju\u010divali ostala poljoprivredna gospodarstva, stru\u010dnu i<br>preostalu zainteresiranu javnost u zajedni\u010dko tra\u017eenje rje\u0161enja.    <\/p>\t\t\t\t\t\t\t\t<\/div>\n\t\t\t\t\t<\/div>\n\t\t\t\t<\/div>\n\t\t<div class=\"elementor-element elementor-element-e3512e8 e-flex e-con-boxed e-con e-parent\" data-id=\"e3512e8\" data-element_type=\"container\" data-e-type=\"container\">\n\t\t\t\t\t<div class=\"e-con-inner\">\n\t\t\t\t<div class=\"elementor-element elementor-element-8d81a7a elementor-widget elementor-widget-image\" data-id=\"8d81a7a\" data-element_type=\"widget\" data-e-type=\"widget\" data-widget_type=\"image.default\">\n\t\t\t\t\t\t\t\t\t\t\t\t<figure class=\"wp-caption\">\n\t\t\t\t\t\t\t\t\t\t<img loading=\"lazy\" decoding=\"async\" width=\"800\" height=\"600\" src=\"https:\/\/www.makrobios.si\/wp-content\/uploads\/2024\/06\/Strokovna-ekskurzija-na-partnersko-kmetijsko-gospodarstvo-13_6_2023-Narin-1-1024x768.jpg\" class=\"attachment-large size-large wp-image-10051\" alt=\"Stru\u010dna ekskurzija studenata krajobrazne arhitekture na KG TK Pri Andrejevih u sklopu projekta Cvjetni travnjaci (foto: dr. Helena \u0160ircelj)\" srcset=\"https:\/\/www.makrobios.si\/wp-content\/uploads\/2024\/06\/Strokovna-ekskurzija-na-partnersko-kmetijsko-gospodarstvo-13_6_2023-Narin-1-1024x768.jpg 1024w, https:\/\/www.makrobios.si\/wp-content\/uploads\/2024\/06\/Strokovna-ekskurzija-na-partnersko-kmetijsko-gospodarstvo-13_6_2023-Narin-1-300x225.jpg 300w, https:\/\/www.makrobios.si\/wp-content\/uploads\/2024\/06\/Strokovna-ekskurzija-na-partnersko-kmetijsko-gospodarstvo-13_6_2023-Narin-1-768x576.jpg 768w, https:\/\/www.makrobios.si\/wp-content\/uploads\/2024\/06\/Strokovna-ekskurzija-na-partnersko-kmetijsko-gospodarstvo-13_6_2023-Narin-1-1536x1152.jpg 1536w, https:\/\/www.makrobios.si\/wp-content\/uploads\/2024\/06\/Strokovna-ekskurzija-na-partnersko-kmetijsko-gospodarstvo-13_6_2023-Narin-1-2048x1536.jpg 2048w\" sizes=\"(max-width: 800px) 100vw, 800px\" \/>\t\t\t\t\t\t\t\t\t\t\t<figcaption class=\"widget-image-caption wp-caption-text\">Stru\u010dna ekskurzija studenata krajobrazne arhitekture na KG TK Pri Andrejevih (foto: dr. Helena \u0160ircelj)<\/figcaption>\n\t\t\t\t\t\t\t\t\t\t<\/figure>\n\t\t\t\t\t\t\t\t\t<\/div>\n\t\t\t\t\t<\/div>\n\t\t\t\t<\/div>\n\t\t<div class=\"elementor-element elementor-element-085e604 e-flex e-con-boxed e-con e-parent\" data-id=\"085e604\" data-element_type=\"container\" data-e-type=\"container\">\n\t\t\t\t\t<div class=\"e-con-inner\">\n\t\t\t\t<div class=\"elementor-element elementor-element-b755380 elementor-widget elementor-widget-text-editor\" data-id=\"b755380\" data-element_type=\"widget\" data-e-type=\"widget\" data-widget_type=\"text-editor.default\">\n\t\t\t\t\t\t\t\t\t<p><i>Tijekom trajanja projekta smo bili pozvani k predstavljanju projekta na:<\/i><\/p><p>&#8211; <b>36. tradicionalnom savjetovanju Javne slu\u017ebe poljoprivrednog savjetovanja<\/b> u organizaciji Poljoprivredno<br>\u0161umarske komore Slovenije i Ministarstva za poljoprivredu, \u0161umarstvo i prehranu,<\/p><p>&#8211; <b>6. savjetovanju o o\u010duvanju i odr\u017eivoj uporabi biljnih genetskih izvora i radionici:<br>Identifikacija potreba glede sjemenskih mje\u0161avina iz vrstno bogatih travnjaka<\/b>, u organizaciji <span style=\"color: var( --e-global-color-text ); font-family: var( --e-global-typography-text-font-family ), Sans-serif; font-size: var( --e-global-typography-text-font-size ); font-weight: var( --e-global-typography-text-font-weight ); text-align: var(--text-align);\">Javne slu\u017ebe biljne genetske banke i Ministarstva za poljoprivredu, \u0161umarstvo i prehranu.<\/span><\/p><p>&#8211; <b>projektnom sastanku Zavoda RS za za\u0161titu prirode<\/b> \u2013 u okviru predstavljanja vanjskih<br>projekata na Sredi\u0161njoj jedinici ZRSVN u Ljubljani.<\/p><p><i>U okviru \u0161irenja rezultata projekta smo organizirali tri javna doga\u0111aja:<\/i><\/p><p>&#8211; <b>prakti\u010dni prikaz rezultata projekta<\/b> na partnerskom poljoprivrednom gospodarstvu Slavka \u017dagarja u Jugorju pri Metliki,<\/p><p>&#8211; <b>predstavljanje rezultata projekta za poljoprivredna gospodarstva<\/b> u Centru za posjetitelje<br>Cerkni\u0161kog jezera, Notranjski regijski park, Cerknica;<\/p><p>&#8211; <b>prakti\u010dna radionica i predstavljanje rezultata projekta <\/b>na partnerskom poljoprivrednom gospodarstvu TK Pri<br>Andrejevih u Narinu pri Pivki.<\/p><p><i>Rezultate projekta smo objavili u:<br><\/i>&#8211; Lokalnom glasilu <a href=\"https:\/\/visitvrhnika.si\/nas-casopis-526-maj-2024\/\" target=\"_blank\" rel=\"noopener\">Na\u0161 \u010dasopis<\/a>, svibanj 2024 (str. 17)<br>&#8211; Op\u0107inski \u010dasopis <a href=\"https:\/\/www.cerknica.si\/objava\/940084\" target=\"_blank\" rel=\"noopener\">Slivni\u0161ki pogledi<\/a>, lipanj 2024 (str. 37)<\/p>\t\t\t\t\t\t\t\t<\/div>\n\t\t\t\t\t<\/div>\n\t\t\t\t<\/div>\n\t\t<div class=\"elementor-element elementor-element-380e5f2 e-flex e-con-boxed e-con e-parent\" data-id=\"380e5f2\" data-element_type=\"container\" data-e-type=\"container\">\n\t\t\t\t\t<div class=\"e-con-inner\">\n\t\t\t\t<div class=\"elementor-element elementor-element-1e9aff1 elementor-widget elementor-widget-image\" data-id=\"1e9aff1\" data-element_type=\"widget\" data-e-type=\"widget\" data-widget_type=\"image.default\">\n\t\t\t\t\t\t\t\t\t\t\t\t<figure class=\"wp-caption\">\n\t\t\t\t\t\t\t\t\t\t<img loading=\"lazy\" decoding=\"async\" width=\"800\" height=\"600\" src=\"https:\/\/www.makrobios.si\/wp-content\/uploads\/2024\/06\/Darja-dogodek-EIP-1024x768.jpg\" class=\"attachment-large size-large wp-image-10047\" alt=\"Voditeljica projekta Darja Korelc na svakogodi\u0161njem tradicionalnom savjetovanju Javne slu\u017ebe poljoprivrednog savjetovanja i doga\u0111aju projekata EIP.\" srcset=\"https:\/\/www.makrobios.si\/wp-content\/uploads\/2024\/06\/Darja-dogodek-EIP-1024x768.jpg 1024w, https:\/\/www.makrobios.si\/wp-content\/uploads\/2024\/06\/Darja-dogodek-EIP-300x225.jpg 300w, https:\/\/www.makrobios.si\/wp-content\/uploads\/2024\/06\/Darja-dogodek-EIP-768x576.jpg 768w, https:\/\/www.makrobios.si\/wp-content\/uploads\/2024\/06\/Darja-dogodek-EIP-1536x1152.jpg 1536w, https:\/\/www.makrobios.si\/wp-content\/uploads\/2024\/06\/Darja-dogodek-EIP-2048x1536.jpg 2048w\" sizes=\"(max-width: 800px) 100vw, 800px\" \/>\t\t\t\t\t\t\t\t\t\t\t<figcaption class=\"widget-image-caption wp-caption-text\">Voditeljica projekta Darja Korelc na svakogodi\u0161njem tradicionalnom savjetovanju Javne slu\u017ebe poljoprivrednog savjetovanja i doga\u0111aju projekata EIP.<\/figcaption>\n\t\t\t\t\t\t\t\t\t\t<\/figure>\n\t\t\t\t\t\t\t\t\t<\/div>\n\t\t\t\t\t<\/div>\n\t\t\t\t<\/div>\n\t\t<div class=\"elementor-element elementor-element-08e9b15 e-flex e-con-boxed e-con e-parent\" data-id=\"08e9b15\" data-element_type=\"container\" data-e-type=\"container\">\n\t\t\t\t\t<div class=\"e-con-inner\">\n\t\t\t\t\t<\/div>\n\t\t\t\t<\/div>\n\t\t<div class=\"elementor-element elementor-element-e06f535 e-flex e-con-boxed e-con e-parent\" data-id=\"e06f535\" data-element_type=\"container\" data-e-type=\"container\">\n\t\t\t\t\t<div class=\"e-con-inner\">\n\t\t\t\t<div class=\"elementor-element elementor-element-890841e elementor-widget elementor-widget-text-editor\" data-id=\"890841e\" data-element_type=\"widget\" data-e-type=\"widget\" data-widget_type=\"text-editor.default\">\n\t\t\t\t\t\t\t\t\t<p>Rezultati su dostupni i na <a href=\"https:\/\/www.makrobios.si\/rezultati-projekta-eip-cvetoci-travniki\/\">na\u0161oj web podstranici projekta.<\/a> Za eventualna pitanja o tematici ili o<br>samom projektu smo vam na raspolaganju i po zavr\u0161etku projektnih aktivnosti na navedenim kontaktima.<\/p>\t\t\t\t\t\t\t\t<\/div>\n\t\t\t\t\t<\/div>\n\t\t\t\t<\/div>\n\t\t<div class=\"elementor-element elementor-element-b61e94d e-flex e-con-boxed e-con e-parent\" data-id=\"b61e94d\" data-element_type=\"container\" data-e-type=\"container\">\n\t\t\t\t\t<div class=\"e-con-inner\">\n\t\t\t\t<div class=\"elementor-element elementor-element-f9d4811 elementor-widget elementor-widget-text-editor\" data-id=\"f9d4811\" data-element_type=\"widget\" data-e-type=\"widget\" data-widget_type=\"text-editor.default\">\n\t\t\t\t\t\t\t\t\t<p><b><i>Partnerstvo projekta<\/i><\/b><\/p><p>Projekt smo uspje\u0161no izveli Darja Korelc sa suradnicima ( <a href=\"https:\/\/www.makrobios.si\/hr\/\">Makrobios Panonija so.p<\/a> ., vode\u0107i partner)<br>zajedno u tijesnoj suradnji s dr. Filipom K\u00fczmi\u010dem (Biolo\u0161ki institut Jovana Had\u017eija <a href=\"https:\/\/www.zrc-sazu.si\/sl\" target=\"_blank\" rel=\"noopener\">ZRC SAZU<\/a>), <br>dr. Klemnom Elerjem, dr. Helenom \u0160ircelj, Maru\u0161om Skubic, dr. Borisom Turkom i Davidom Lenar\u010di\u010dem<br>(<a href=\"https:\/\/www.bf.uni-lj.si\/\" target=\"_blank\" rel=\"noopener\">Biotehni\u010dki fakultet UL<\/a>, odjel za agronomiju), Evo Kobe, Matev\u017eem Podjedom i Majom<br>Ko\u0161uta <a href=\"https:\/\/www.notranjski-park.si\/\" target=\"_blank\" rel=\"noopener\">(Notranjski regijski park<\/a>), Juretom \u0160tanto ( <a href=\"https:\/\/www.facebook.com\/p\/Vrtnarstvo-Jure-%C5%A0tanta-100057486496556\/\" target=\"_blank\" rel=\"noopener\">Vrtlarstvo Jure \u0160tanta s.p.<\/a>), O\u017ebetom <br>\u0160teblajem (<a href=\"https:\/\/www.facebook.com\/poni.s.klanca\" target=\"_blank\" rel=\"noopener\">Inkluzivni park 1890 so.p.<\/a>) Sa\u0161em Saksido i Sabinom Povhe ( <a href=\"https:\/\/replika-invest.si\/index.php\" target=\"_blank\" rel=\"noopener\">Replika Invest d.o.o.<\/a>) te<br>preostalim poljoprivrednim gospodarstvima: dr. Benjaminom Leskovcem ( <a href=\"https:\/\/zaplana.si\/\" target=\"_blank\" rel=\"noopener\">Kmetija Zaplana 1890<\/a>), Janijem<br>Frankom s obitelji ( <a href=\"https:\/\/www.andrejevi.si\/\" target=\"_blank\" rel=\"noopener\">Turisti\u010dka kmetija Pri Andrejevih<\/a>), Alja\u017eem Bevkom s obitelji (Turisti\u010dka<br><a href=\"https:\/\/siroko.si\/\" target=\"_blank\" rel=\"noopener\">kmetija \u0160iroko<\/a>), Slavkom \u017dagarjem (<a href=\"https:\/\/zdravkodren.si\/\" target=\"_blank\" rel=\"noopener\">Kmetija Slavka \u017dagarja<\/a>), i Tanjom Cerar s obitelji (<strong>Kmetija<\/strong><br><strong>Pr&#8217;Matet<\/strong>). U prvoj polovici projekta je aktivno prispevao jo\u0161 Vrtnar Jan, Jan Bizjak s.p. Pri \u0161irenju<br>rezultata je dobrovoljno sudjelovalo i Dru\u0161tvo Ljubljanica, rijeka sedmerih imena, so.p., koji djeluje u<br>javnom interesu na podru\u010dju poljoprivrede i razvoja sela. Vlastitu financijsku udjel partnera ZRC<br>SAZU je sufinancirala Javna agencija za znanstvenoistra\u017eiva\u010dku i inovacijsku djelatnost Republike<br>Slovenije (program P1-0236).  <\/p><p>Iskreno se zahvaljujemo svima za njihov doprinos i kvalitetno obavljen posao.<\/p>\t\t\t\t\t\t\t\t<\/div>\n\t\t\t\t\t<\/div>\n\t\t\t\t<\/div>\n\t\t<div class=\"elementor-element elementor-element-4ac0e26 e-flex e-con-boxed e-con e-parent\" data-id=\"4ac0e26\" data-element_type=\"container\" data-e-type=\"container\">\n\t\t\t\t\t<div class=\"e-con-inner\">\n\t\t\t\t<div class=\"elementor-element elementor-element-9e73fec elementor-widget elementor-widget-image\" data-id=\"9e73fec\" data-element_type=\"widget\" data-e-type=\"widget\" data-widget_type=\"image.default\">\n\t\t\t\t\t\t\t\t\t\t\t\t\t\t\t<img loading=\"lazy\" decoding=\"async\" width=\"800\" height=\"528\" src=\"https:\/\/www.makrobios.si\/wp-content\/uploads\/2024\/06\/Logoti-skupaj-foto-1024x676.jpg\" class=\"attachment-large size-large wp-image-10048\" alt=\"Partneri projekta Cvjetni travnjaci.\" srcset=\"https:\/\/www.makrobios.si\/wp-content\/uploads\/2024\/06\/Logoti-skupaj-foto-1024x676.jpg 1024w, https:\/\/www.makrobios.si\/wp-content\/uploads\/2024\/06\/Logoti-skupaj-foto-300x198.jpg 300w, https:\/\/www.makrobios.si\/wp-content\/uploads\/2024\/06\/Logoti-skupaj-foto-768x507.jpg 768w, https:\/\/www.makrobios.si\/wp-content\/uploads\/2024\/06\/Logoti-skupaj-foto-1536x1013.jpg 1536w, https:\/\/www.makrobios.si\/wp-content\/uploads\/2024\/06\/Logoti-skupaj-foto-2048x1351.jpg 2048w\" sizes=\"(max-width: 800px) 100vw, 800px\" \/>\t\t\t\t\t\t\t\t\t\t\t\t\t\t\t<\/div>\n\t\t\t\t\t<\/div>\n\t\t\t\t<\/div>\n\t\t<div class=\"elementor-element elementor-element-8368f96 e-flex e-con-boxed e-con e-parent\" data-id=\"8368f96\" data-element_type=\"container\" data-e-type=\"container\">\n\t\t\t\t\t<div class=\"e-con-inner\">\n\t\t\t\t<div class=\"elementor-element elementor-element-b6369fe elementor-widget elementor-widget-text-editor\" data-id=\"b6369fe\" data-element_type=\"widget\" data-e-type=\"widget\" data-widget_type=\"text-editor.default\">\n\t\t\t\t\t\t\t\t\t<p>Projekt se izvodi u razdoblju 29. 6. 2021 \u2013 29. 6. 2024, u okviru mjere M16 Suradnja Programa razvoja <span style=\"color: var( --e-global-color-text ); font-family: var( --e-global-typography-text-font-family ), Sans-serif; font-size: var( --e-global-typography-text-font-size ); font-weight: var( --e-global-typography-text-font-weight ); text-align: var(--text-align);\">pode\u017eelja RS 2014-2020, u sklopu 4. JR podmjere 16.5 Podr\u0161ka za zajedni\u010dko djelovanje za ubla\u017eavanje klimatskih <\/span><span style=\"color: var( --e-global-color-text ); font-family: var( --e-global-typography-text-font-family ), Sans-serif; font-size: var( --e-global-typography-text-font-size ); font-weight: var( --e-global-typography-text-font-weight ); text-align: var(--text-align);\">promjena ili prilago\u0111avanje na njih te za zajedni\u010dke pristupe k okoli\u0161nim projektima i stalnim okoli\u0161nim praksama na <\/span><span style=\"color: var( --e-global-color-text ); font-family: var( --e-global-typography-text-font-family ), Sans-serif; font-size: var( --e-global-typography-text-font-size ); font-weight: var( --e-global-typography-text-font-weight ); text-align: var(--text-align);\">podru\u010dju \u0161umarstva i je sufinanciran od strane <a href=\"https:\/\/skp.si\/\" target=\"_blank\" rel=\"noopener\">Republike Slovenije<\/a> i <a href=\"https:\/\/agriculture.ec.europa.eu\/common-agricultural-policy\/rural-development_en\" target=\"_blank\" rel=\"noopener\">Europske unije iz poljoprivrednog fonda za razvoj sela.<\/a><\/span><\/p>\t\t\t\t\t\t\t\t<\/div>\n\t\t\t\t\t<\/div>\n\t\t\t\t<\/div>\n\t\t<div class=\"elementor-element elementor-element-77e9d03 e-flex e-con-boxed e-con e-parent\" data-id=\"77e9d03\" data-element_type=\"container\" data-e-type=\"container\">\n\t\t\t\t\t<div class=\"e-con-inner\">\n\t\t\t\t<div class=\"elementor-element elementor-element-eb4f6a3 elementor-widget elementor-widget-image\" data-id=\"eb4f6a3\" data-element_type=\"widget\" data-e-type=\"widget\" data-widget_type=\"image.default\">\n\t\t\t\t\t\t\t\t\t\t\t\t\t\t\t<img loading=\"lazy\" decoding=\"async\" width=\"800\" height=\"198\" src=\"https:\/\/www.makrobios.si\/wp-content\/uploads\/2024\/06\/02a-PRP-EU-SLO-1024x253.jpg\" class=\"attachment-large size-large wp-image-10045\" alt=\"\" srcset=\"https:\/\/www.makrobios.si\/wp-content\/uploads\/2024\/06\/02a-PRP-EU-SLO-1024x253.jpg 1024w, https:\/\/www.makrobios.si\/wp-content\/uploads\/2024\/06\/02a-PRP-EU-SLO-300x74.jpg 300w, https:\/\/www.makrobios.si\/wp-content\/uploads\/2024\/06\/02a-PRP-EU-SLO-768x190.jpg 768w, https:\/\/www.makrobios.si\/wp-content\/uploads\/2024\/06\/02a-PRP-EU-SLO-1536x380.jpg 1536w, https:\/\/www.makrobios.si\/wp-content\/uploads\/2024\/06\/02a-PRP-EU-SLO-2048x507.jpg 2048w\" sizes=\"(max-width: 800px) 100vw, 800px\" \/>\t\t\t\t\t\t\t\t\t\t\t\t\t\t\t<\/div>\n\t\t\t\t\t<\/div>\n\t\t\t\t<\/div>\n\t\t\t\t<\/div>\n\t\t","protected":false},"excerpt":{"rendered":"<p>Privodimo kraju projekt Cvjetni travnjaci, koji se odnosio na o\u010duvanje travnjaka, pove\u0107anje raznolikosti vrsta i povezivanje razli\u010ditih znanja. Vi\u0161e o projektu i zaklju\u010dcima u nastavku.  <\/p>\n","protected":false},"author":2,"featured_media":10053,"comment_status":"closed","ping_status":"open","sticky":false,"template":"","format":"standard","meta":{"uix_meta_title":"","uix_meta_description":"","uix_canonical_url":"","footnotes":""},"categories":[27],"tags":[],"class_list":["post-10044","post","type-post","status-publish","format-standard","has-post-thumbnail","hentry","category-vijesti"],"_links":{"self":[{"href":"https:\/\/www.makrobios.si\/hr\/wp-json\/wp\/v2\/posts\/10044","targetHints":{"allow":["GET"]}}],"collection":[{"href":"https:\/\/www.makrobios.si\/hr\/wp-json\/wp\/v2\/posts"}],"about":[{"href":"https:\/\/www.makrobios.si\/hr\/wp-json\/wp\/v2\/types\/post"}],"author":[{"embeddable":true,"href":"https:\/\/www.makrobios.si\/hr\/wp-json\/wp\/v2\/users\/2"}],"replies":[{"embeddable":true,"href":"https:\/\/www.makrobios.si\/hr\/wp-json\/wp\/v2\/comments?post=10044"}],"version-history":[{"count":1,"href":"https:\/\/www.makrobios.si\/hr\/wp-json\/wp\/v2\/posts\/10044\/revisions"}],"predecessor-version":[{"id":10054,"href":"https:\/\/www.makrobios.si\/hr\/wp-json\/wp\/v2\/posts\/10044\/revisions\/10054"}],"wp:featuredmedia":[{"embeddable":true,"href":"https:\/\/www.makrobios.si\/hr\/wp-json\/wp\/v2\/media\/10053"}],"wp:attachment":[{"href":"https:\/\/www.makrobios.si\/hr\/wp-json\/wp\/v2\/media?parent=10044"}],"wp:term":[{"taxonomy":"category","embeddable":true,"href":"https:\/\/www.makrobios.si\/hr\/wp-json\/wp\/v2\/categories?post=10044"},{"taxonomy":"post_tag","embeddable":true,"href":"https:\/\/www.makrobios.si\/hr\/wp-json\/wp\/v2\/tags?post=10044"}],"curies":[{"name":"wp","href":"https:\/\/api.w.org\/{rel}","templated":true}]}}