{"id":11868,"date":"2026-01-22T09:31:35","date_gmt":"2026-01-22T08:31:35","guid":{"rendered":"https:\/\/www.makrobios.si\/?p=11868"},"modified":"2026-04-11T21:37:33","modified_gmt":"2026-04-11T19:37:33","slug":"elementor-11864","status":"publish","type":"post","link":"https:\/\/www.makrobios.si\/de\/elementor-11864\/","title":{"rendered":"Schulung: Wissenstransfer von Hof zu Hof"},"content":{"rendered":"\t\t<div data-elementor-type=\"wp-post\" data-elementor-id=\"11868\" class=\"elementor elementor-11868 elementor-11864\" data-elementor-post-type=\"post\">\n\t\t\t\t<div class=\"elementor-element elementor-element-ecd5a75 e-flex e-con-boxed e-con e-parent\" data-id=\"ecd5a75\" data-element_type=\"container\" data-e-type=\"container\">\n\t\t\t\t\t<div class=\"e-con-inner\">\n\t\t\t\t<div class=\"elementor-element elementor-element-af7603c elementor-widget elementor-widget-text-editor\" data-id=\"af7603c\" data-element_type=\"widget\" data-e-type=\"widget\" data-widget_type=\"text-editor.default\">\n\t\t\t\t\t\t\t\t\t<p><span style=\"font-weight: 400;\">Im Rahmen der Projektaktivit\u00e4ten \u201eGemeinsam auf dem Weg zur Wiederentdeckung von Wiesen- und Gartenkr\u00e4utern\u201c haben wir einen 16-st\u00fcndigen Wissens- und Informationstransfer \u00fcber das Projekt f\u00fcr landwirtschaftliche Betriebe durchgef\u00fchrt.<\/span><\/p><p> <\/p><p><span style=\"font-weight: 400;\">Der Wissenstransfer fand mitten im Winter statt, wenn die Saison noch nicht begonnen hat und die Mitglieder der Bauernh\u00f6fe Zeit f\u00fcr Weiterbildung haben. Der Wissenstransfer richtete sich an Bauernh\u00f6fe, die nicht Teil der Projektpartnerschaft sind, wurde aber von Partnerh\u00f6fen durchgef\u00fchrt, die eine eingetragene Nebent\u00e4tigkeit haben. <\/span><\/p><p> <\/p><p><span style=\"font-weight: 400;\">Am ersten Tag, dem 19. Januar, trafen wir uns auf dem Bauernhof des Projektpartners, dem touristischen Bauernhof Smodi\u0161 in Otovci, der sich neben dem Tourismus haupts\u00e4chlich mit Obstbau besch\u00e4ftigt. <\/span><\/p><p><span style=\"font-weight: 400;\">Zu Beginn stellten wir das Projekt sowie die wichtigsten Informationen und Aktivit\u00e4ten vor. Mehr \u00fcber das Projekt kannst du auch <a href=\"https:\/\/www.makrobios.si\/de\/gemeinsam-auf-dem-weg-zur-wiederentdeckung-von-wiesen-und-gartenkraeutern\/\">hier<\/a> lesen. <\/span><\/p><p> <\/p><p><span style=\"font-weight: 400;\">Vlado Smodi\u0161 stellte anschlie\u00dfend den Bauernhof Smodi\u0161 vor, der sich mit der Nebent\u00e4tigkeit Obstbau und Tourismus besch\u00e4ftigt. Er pr\u00e4sentierte die Entwicklung des Hofes und die Spezialisierung auf den Obstbau.  Wir besichtigten die Obstbaum- und Strauchplantagen in der Umgebung des Hofes. <\/span><\/p><p> <\/p><p><span style=\"font-weight: 400;\">Auf die Vorstellung des Ferienhofs Smodi\u0161 folgte eine Pr\u00e4sentation des Hofes Lom, mit besonderem Schwerpunkt auf der Entwicklung der erg\u00e4nzenden T\u00e4tigkeit am Hof, die die Hofmitglieder Ana und \u0160tefan im Laufe des Projekts entwickelt haben, sowie auf den \u00dcberlegungen, Hindernissen und Lehren, die sie bei dieser Entwicklung gewonnen haben.<\/span><\/p><p> <\/p><p><span style=\"font-weight: 400;\">Nach dem Mittagessen stellte Lovro Vehovar, ein Partner des Kr\u00e4uterhofs Korina, Biologe und Tr\u00e4ger des Kulturerbes der Kr\u00e4uterkunde, seinen Weg vor, wie man \u00fcberhaupt Kr\u00e4uterkundler wird. <\/span><\/p><p> <\/p><p><span style=\"font-weight: 400;\">Es folgte ein Workshop zur Planung eines Kr\u00e4utergartens, bei dem den Teilnehmern Wissen \u00fcber die Bedeutung des Standorts, die Gr\u00f6\u00dfe f\u00fcr verschiedene Zwecke, die Bodenzusammensetzung und Wasserfl\u00fcsse sowie alle anderen wichtigen Aspekte bei der Gestaltung eines Kr\u00e4utergartens vermittelt wurde. <\/span><\/p><p> <\/p><p><span style=\"font-weight: 400;\">Am zweiten Tag, Dienstag, den 20. Januar, haben wir uns an einem anderen Ort versammelt, bei den Projektpartnern auf dem \u00f6ko-sozialen Bauernhof Kocljevina in Prosenjakovci. <\/span><\/p><p> <\/p><p><span style=\"font-weight: 400;\">Wir besichtigten den Kr\u00e4utergarten auf dem \u00f6kosozialen Bauernhof Kocljevina, gefolgt von einem Vortrag und zwei Workshops. Im Vortrag erfuhren wir alles \u00fcber die Kr\u00e4uterverarbeitung \u2013 \u00fcber die Vorbereitung der Kr\u00e4uter f\u00fcr die weitere Verarbeitung, die besten Verarbeitungsmethoden f\u00fcr verschiedene Zwecke und die weitere Verwendung der Kr\u00e4uter.  Nach dem Vortrag und einem ausgezeichneten Mittagessen, das von den Mitarbeitern von Kocljevina zubereitet wurde, folgten zwei praktische Workshops: Im ersten destillierten wir Hanf und gewannen daraus \u00e4therisches \u00d6l und Hydrolat, im zweiten lernten wir, Tinkturen und Essige herzustellen, indem wir eine Hanftinktur und einen Holunderbl\u00fctenessig anfertigten. <\/span><\/p><p> <\/p><p><span style=\"font-weight: 400;\">Vielen Dank an die Partner f\u00fcr die Durchf\u00fchrung und das Hosting des Wissenstransfers sowie an alle Hofmitglieder, die am Wissenstransfer teilgenommen haben. <\/span><\/p>\t\t\t\t\t\t\t\t<\/div>\n\t\t\t\t\t<\/div>\n\t\t\t\t<\/div>\n\t\t<div class=\"elementor-element elementor-element-fb4c633 e-flex e-con-boxed e-con e-parent\" data-id=\"fb4c633\" data-element_type=\"container\" data-e-type=\"container\">\n\t\t\t\t\t<div class=\"e-con-inner\">\n\t\t\t\t<div class=\"elementor-element elementor-element-8d4ea5d elementor-widget elementor-widget-text-editor\" data-id=\"8d4ea5d\" data-element_type=\"widget\" data-e-type=\"widget\" data-widget_type=\"text-editor.default\">\n\t\t\t\t\t\t\t\t\t<p><span style=\"font-weight: 400;\">Der Wissenstransfer wurde im Rahmen des Projekts \u201eGemeinsam auf dem Weg zur Wiederentdeckung von Wiesen- und Gartenkr\u00e4utern\u201c durchgef\u00fchrt, das vom MKGP und der EU aus dem Landwirtschaftsfonds f\u00fcr die Entwicklung des l\u00e4ndlichen Raums finanziert wird. Das Projekt wird im Rahmen der 3. \u00f6ffentlichen Ausschreibung des PRP 2014-2020 f\u00fcr die Unterma\u00dfnahme 16.9 \u2013 Unterst\u00fctzung f\u00fcr die Diversifizierung landwirtschaftlicher T\u00e4tigkeiten in Bezug auf Gesundheitsversorgung, soziale Inklusion, gemeinschaftsgest\u00fctzte Landwirtschaft sowie Umwelt- und Lebensmittelbildung (2021) umgesetzt.  <\/span><\/p><p><span style=\"color: #000000;\">Weitere Informationen: <\/span><a style=\"background-color: #ffffff; display: inline !important;\" href=\"https:\/\/agriculture.ec.europa.eu\/common-agricultural-policy\/rural-development_en\" target=\"_blank\" rel=\"noreferrer noopener\">Europ\u00e4ischer Landwirtschaftsfonds f\u00fcr die Entwicklung des l\u00e4ndlichen Raums<\/a> <span style=\"color: #000000;\">und <\/span><a style=\"background-color: #ffffff; display: inline !important;\" href=\"https:\/\/skp.si\/\" target=\"_blank\" rel=\"noopener\">Programm zur Entwicklung des l\u00e4ndlichen Raums der Republik Slowenien.<\/a><span style=\"background-color: transparent; font-family: Arial, sans-serif; font-size: 13.5pt; text-align: justify; white-space-collapse: preserve;\"> <\/span><\/p>\t\t\t\t\t\t\t\t<\/div>\n\t\t\t\t\t<\/div>\n\t\t\t\t<\/div>\n\t\t<div class=\"elementor-element elementor-element-c3152b9 e-flex e-con-boxed e-con e-parent\" data-id=\"c3152b9\" data-element_type=\"container\" data-e-type=\"container\">\n\t\t\t\t\t<div class=\"e-con-inner\">\n\t\t\t\t<div class=\"elementor-element elementor-element-553d297 elementor-widget elementor-widget-image\" data-id=\"553d297\" data-element_type=\"widget\" data-e-type=\"widget\" data-widget_type=\"image.default\">\n\t\t\t\t\t\t\t\t\t\t\t\t\t\t\t<img decoding=\"async\" width=\"300\" height=\"74\" src=\"https:\/\/www.makrobios.si\/wp-content\/uploads\/2024\/12\/02a-PRP-EU-SLO-1-1024x253-1-300x74.jpg\" class=\"attachment-medium size-medium wp-image-10042\" alt=\"\" srcset=\"https:\/\/www.makrobios.si\/wp-content\/uploads\/2024\/12\/02a-PRP-EU-SLO-1-1024x253-1-300x74.jpg 300w, https:\/\/www.makrobios.si\/wp-content\/uploads\/2024\/12\/02a-PRP-EU-SLO-1-1024x253-1-768x190.jpg 768w, https:\/\/www.makrobios.si\/wp-content\/uploads\/2024\/12\/02a-PRP-EU-SLO-1-1024x253-1.jpg 1024w\" sizes=\"(max-width: 300px) 100vw, 300px\" \/>\t\t\t\t\t\t\t\t\t\t\t\t\t\t\t<\/div>\n\t\t\t\t\t<\/div>\n\t\t\t\t<\/div>\n\t\t\t\t<\/div>\n\t\t","protected":false},"excerpt":{"rendered":"<p>Im Rahmen der Projektaktivit\u00e4ten \u201eGemeinsam auf dem Weg zur Wiederentdeckung von Wiesen- und Gartenkr\u00e4utern\u201c haben wir einen 16-st\u00fcndigen Wissens- und Informationstransfer \u00fcber das Projekt f\u00fcr landwirtschaftliche Betriebe durchgef\u00fchrt.<\/p>\n","protected":false},"author":2,"featured_media":11949,"comment_status":"closed","ping_status":"closed","sticky":false,"template":"","format":"standard","meta":{"uix_meta_title":"","uix_meta_description":"","uix_canonical_url":"","footnotes":""},"categories":[26],"tags":[50],"class_list":["post-11868","post","type-post","status-publish","format-standard","has-post-thumbnail","hentry","category-nachricht","tag-aktuell"],"_links":{"self":[{"href":"https:\/\/www.makrobios.si\/de\/wp-json\/wp\/v2\/posts\/11868","targetHints":{"allow":["GET"]}}],"collection":[{"href":"https:\/\/www.makrobios.si\/de\/wp-json\/wp\/v2\/posts"}],"about":[{"href":"https:\/\/www.makrobios.si\/de\/wp-json\/wp\/v2\/types\/post"}],"author":[{"embeddable":true,"href":"https:\/\/www.makrobios.si\/de\/wp-json\/wp\/v2\/users\/2"}],"replies":[{"embeddable":true,"href":"https:\/\/www.makrobios.si\/de\/wp-json\/wp\/v2\/comments?post=11868"}],"version-history":[{"count":5,"href":"https:\/\/www.makrobios.si\/de\/wp-json\/wp\/v2\/posts\/11868\/revisions"}],"predecessor-version":[{"id":12221,"href":"https:\/\/www.makrobios.si\/de\/wp-json\/wp\/v2\/posts\/11868\/revisions\/12221"}],"wp:featuredmedia":[{"embeddable":true,"href":"https:\/\/www.makrobios.si\/de\/wp-json\/wp\/v2\/media\/11949"}],"wp:attachment":[{"href":"https:\/\/www.makrobios.si\/de\/wp-json\/wp\/v2\/media?parent=11868"}],"wp:term":[{"taxonomy":"category","embeddable":true,"href":"https:\/\/www.makrobios.si\/de\/wp-json\/wp\/v2\/categories?post=11868"},{"taxonomy":"post_tag","embeddable":true,"href":"https:\/\/www.makrobios.si\/de\/wp-json\/wp\/v2\/tags?post=11868"}],"curies":[{"name":"wp","href":"https:\/\/api.w.org\/{rel}","templated":true}]}}