{"id":10185,"date":"2024-06-25T09:00:00","date_gmt":"2024-06-25T07:00:00","guid":{"rendered":"https:\/\/www.makrobios.si\/nachhaltige-ernaehrung-auf-dem-land-von-der-steigerung-der-oekologischen-selbstversorgung-zur-ko-versorgung\/"},"modified":"2025-10-31T14:01:24","modified_gmt":"2025-10-31T13:01:24","slug":"nachhaltige-ernaehrung-auf-dem-land-von-der-steigerung-der-oekologischen-selbstversorgung-zur-ko-versorgung","status":"publish","type":"post","link":"https:\/\/www.makrobios.si\/de\/nachhaltige-ernaehrung-auf-dem-land-von-der-steigerung-der-oekologischen-selbstversorgung-zur-ko-versorgung\/","title":{"rendered":"Nachhaltige Ern\u00e4hrung auf dem Land: Von der Steigerung der \u00f6kologischen Selbstversorgung zur Ko-Versorgung"},"content":{"rendered":"\n<p><\/p>\n\n<p><strong>Projektzusammenfassung<\/strong><\/p>\n\n<p>Das vorliegende Projekt \u201eNachhaltige Ern\u00e4hrung auf dem Land\u201c befasst sich mit m\u00f6glichen Ver\u00e4nderungen und Anpassungen im Ern\u00e4hrungssystem (d.h. dem gesamten Kreislauf von Produktion, Verarbeitung und Vertrieb), das die Umwelt extrem intensiv und sch\u00e4dlich beeinflusst. Im Projekt werden wir Inhalte entwickeln, die nachhaltige Lebensmittel den Produzenten, Verarbeitern und lokalen Gemeinschaften auf dem Land n\u00e4herbringen. L\u00e4ndliche Gebiete sind jene, in denen trotz des Potenzials immer noch kein ausreichendes Bewusstsein f\u00fcr den Zusammenhang zwischen Ern\u00e4hrung, Umwelt und Gesundheit besteht. Gleichzeitig besteht weiterhin Misstrauen gegen\u00fcber \u00f6kologischen Anbaumethoden bzw. die Unwilligkeit, etablierte, aber veraltete und sch\u00e4dliche landwirtschaftliche Praktiken aufzugeben. Infolgedessen sind bestehende Bio-Produzenten in der Minderheit, und der \u00f6kologische Landbau gilt als nicht zukunftstr\u00e4chtig. Das Projekt wurde so konzipiert, dass alle Schl\u00fcsselelemente nachhaltiger Ern\u00e4hrung ber\u00fccksichtigt werden: \u00f6kologisch, saisonal, lokal und selbst-\/ko-versorgend.      <\/p>\n\n<figure class=\"wp-block-image size-large is-resized\"><img fetchpriority=\"high\" decoding=\"async\" src=\"https:\/\/www.makrobios.si\/wp-content\/uploads\/2025\/01\/20240728_104430-768x1024.jpg\" alt=\"\" class=\"wp-image-7754\" width=\"347\" height=\"462\" srcset=\"https:\/\/www.makrobios.si\/wp-content\/uploads\/2025\/01\/20240728_104430-768x1024.jpg 768w, https:\/\/www.makrobios.si\/wp-content\/uploads\/2025\/01\/20240728_104430-225x300.jpg 225w, https:\/\/www.makrobios.si\/wp-content\/uploads\/2025\/01\/20240728_104430-rotated.jpg 1067w\" sizes=\"(max-width: 347px) 100vw, 347px\" \/><\/figure>\n\n<p><strong>Zweck und Ziele des Projekts<\/strong><\/p>\n\n<p>Der zentrale Zweck des Projekts \u201eNachhaltige Ern\u00e4hrung auf dem Land\u201c ist die Steigerung des Bewusstseins f\u00fcr verschiedene Aspekte nachhaltiger Ern\u00e4hrung auf dem Land, sowohl bei Produzenten als auch bei Verbrauchern. Ziel der Sensibilisierung der l\u00e4ndlichen Bev\u00f6lkerung f\u00fcr den \u00f6kologischen Landbau ist die Steigerung des Interesses an \u00f6kologischer Produktion und Verarbeitung, ein besseres Verst\u00e4ndnis des Konzepts nachhaltiger Ern\u00e4hrung, mehr Ver\u00f6ffentlichungen zum Thema in lokalen Medien, eine bessere Kenntnis lokaler Anbieter und als Ergebnis all dessen die Etablierung des \u00f6kologischen Landbaus als zukunftstr\u00e4chtige Anbaumethode. <\/p>\n\n<p>Ein zweiter Zweck des Projekts ist die Verbreitung praktischen Wissens, das zur Steigerung der Selbstversorgung in einzelnen Haushalten beitr\u00e4gt. Ziel ist es, die lokale Bev\u00f6lkerung zum Besuch von Bildungsworkshops (Gem\u00fcsefermentation, Erkundung von Wildkr\u00e4utern, Zubereitung von Wintervorr\u00e4ten) zu ermutigen, die darauf abzielen, ein neues Wertesystem f\u00fcr lokale, saisonale und selbst angebaute Lebensmittel zu etablieren. Das Endziel der Vernetzung in praktischen Workshops ist die aktive Beteiligung der lokalen Bev\u00f6lkerung an der Entwicklung eines lokalen Ko-Versorgungssystems.  <\/p>\n\n<p>Ein dritter Zweck des Projekts ist die Etablierung einer Plattform f\u00fcr Vernetzung, St\u00e4rkung der Zusammenarbeit und F\u00f6rderung lokaler Bio-Bauern, die Praktiken und gemeinsame Projekte f\u00fcr eine konstante und strategisch ausgerichtete Zusammenarbeit der Bio-Bauern etablieren wird \u2013 die St\u00e4rkung und Erweiterung der Bio-Genossenschaft. Weitere Ziele in diesem Bereich sind die Erh\u00f6hung der Anzahl \u00f6kologischer Produkte in der Region Pomurje sowie die Verbesserung des Verkaufs von Erzeugnissen und Produkten lokaler Bio-Bauern. <\/p>\n\n<p>Ein vierter Zweck des Projekts ist die F\u00f6rderung nachhaltiger Praktiken auf dem Land, insbesondere in Pomurje. Ziel der F\u00f6rderung ist es, die Bekanntheit erfolgreicher lokaler Geschichten von \u00f6kologischen (und breiter gefasst nachhaltigen) Landwirten zu steigern und potenziell Interessierte f\u00fcr die Initiierung \u00e4hnlicher Projekte in der Region zu begeistern. <\/p>\n\n<figure class=\"wp-block-image size-large is-resized\"><img decoding=\"async\" src=\"https:\/\/www.makrobios.si\/wp-content\/uploads\/2025\/01\/20240728_104207-768x1024.jpg\" alt=\"\" class=\"wp-image-7755\" width=\"430\" height=\"574\" srcset=\"https:\/\/www.makrobios.si\/wp-content\/uploads\/2025\/01\/20240728_104207-768x1024.jpg 768w, https:\/\/www.makrobios.si\/wp-content\/uploads\/2025\/01\/20240728_104207-225x300.jpg 225w, https:\/\/www.makrobios.si\/wp-content\/uploads\/2025\/01\/20240728_104207-rotated.jpg 1126w\" sizes=\"(max-width: 430px) 100vw, 430px\" \/><figcaption class=\"wp-element-caption\">Ma\u0161a und Alja\u017e vom Hof Ma\u0161Alja\u017e, die im Rahmen des Projekts Workshops zum Thema Selbstversorger-G\u00e4rtnerei und Marktg\u00e4rtnerei durchgef\u00fchrt haben (August 2024).<\/figcaption><\/figure>\n\n<p><strong>Aktivit\u00e4tenplan und vorl\u00e4ufiger Zeitplan<\/strong><\/p>\n\n<p><em>Juli &#8217;24:<\/em><\/p>\n\n<p>Vorbereitung und Durchf\u00fchrung eines Vortrags von Sonja Bertalani\u010d \u00fcber naturnahe Anbaumethoden mit Schwerpunkt auf Biodynamik, Herausforderungen, Besonderheiten und Potenzialen f\u00fcr den l\u00e4ndlichen Raum und speziell f\u00fcr die Region Pomurje<\/p>\n\n<p>Workshops f\u00fcr naturnahes G\u00e4rtnern, durchgef\u00fchrt vom Hof Ma\u0161Alja\u017e: Selbstversorger- und Marktg\u00e4rtnerei<\/p>\n\n<p><em>August &#8217;24:<\/em><\/p>\n\n<p>Messe Agra: Promotion und gemeinsamer Auftritt der Bio-Bauern von Pomurje<\/p>\n\n<p><em>September &#8217;24:<\/em><\/p>\n\n<p>Workshop \u00fcber \u00f6kologische Produktion und Verarbeitung auf den Bio-H\u00f6fen Rozmari\u010d und Topolovec<\/p>\n\n<p><em>Oktober &#8217;24:<\/em><\/p>\n\n<p>Schlossbasar: Promotion und gemeinsamer Auftritt der Bio-Bauern von Pomurje<\/p>\n\n<p>ganzt\u00e4gige Veranstaltung \u201eTag der nachhaltigen Ern\u00e4hrung\u201c: gef\u00fchrte Besichtigung des Anwesens, moderierte Diskussion \u00fcber nachhaltige Ern\u00e4hrung auf dem Land; Pr\u00e4sentation lokaler Anbieter; Workshop zur Gem\u00fcsefermentation; Verpflegung (Klima-Men\u00fc)<\/p>\n\n<p><em>Januar &#8217;25:<\/em><\/p>\n\n<p>gemeinschaftliche Zubereitung von Wintervorr\u00e4ten und Austausch von \u00dcbersch\u00fcssen<\/p>\n\n<p>interne Schulung; DIY-Projekt: Einrichtung eines kleineren Erdkellers;<\/p>\n\n<p><em>Februar \u201825:<\/em><\/p>\n\n<p>Workshop zur Setzlingsvorbereitung<\/p>\n\n<p><em>M\u00e4rz \u201825:<\/em><\/p>\n\n<p>Wildkr\u00e4uter-Workshop: Lernbesuch von Sch\u00fclern auf dem Anwesen<\/p>\n\n<p><em>April \u201825:<\/em><\/p>\n\n<p>Workshop zum Pilzanbau<\/p>\n\n<p>Projektevaluierung, Zustandsanalyse, Festlegung weiterer Aktivit\u00e4ten<\/p>\n\n<p>Projekt-Kofinanzierer: <\/p>\n\n<figure class=\"wp-block-image size-large is-resized\"><img decoding=\"async\" src=\"https:\/\/www.makrobios.si\/wp-content\/uploads\/2025\/01\/EKO-SKLAD-horizontalni-color-novo-1024x498.png\" alt=\"\" class=\"wp-image-7757\" width=\"413\" height=\"200\" srcset=\"https:\/\/www.makrobios.si\/wp-content\/uploads\/2025\/01\/EKO-SKLAD-horizontalni-color-novo-1024x498.png 1024w, https:\/\/www.makrobios.si\/wp-content\/uploads\/2025\/01\/EKO-SKLAD-horizontalni-color-novo-300x146.png 300w, https:\/\/www.makrobios.si\/wp-content\/uploads\/2025\/01\/EKO-SKLAD-horizontalni-color-novo-768x373.png 768w, https:\/\/www.makrobios.si\/wp-content\/uploads\/2025\/01\/EKO-SKLAD-horizontalni-color-novo-1536x746.png 1536w, https:\/\/www.makrobios.si\/wp-content\/uploads\/2025\/01\/EKO-SKLAD-horizontalni-color-novo-2048x995.png 2048w\" sizes=\"(max-width: 413px) 100vw, 413px\" \/><\/figure>\n\n<figure class=\"wp-block-image size-full is-resized\"><img loading=\"lazy\" decoding=\"async\" src=\"https:\/\/www.makrobios.si\/wp-content\/uploads\/2025\/01\/Logo_MOPE_slo_page.jpg\" alt=\"\" class=\"wp-image-7758\" width=\"483\" height=\"165\" srcset=\"https:\/\/www.makrobios.si\/wp-content\/uploads\/2025\/01\/Logo_MOPE_slo_page.jpg 740w, https:\/\/www.makrobios.si\/wp-content\/uploads\/2025\/01\/Logo_MOPE_slo_page-300x103.jpg 300w\" sizes=\"(max-width: 483px) 100vw, 483px\" \/><\/figure>\n\n<p><em>F\u00fcr die in diesem Dokument dargestellten Meinungen sind ausschlie\u00dflich die Autoren des Dokuments verantwortlich und spiegeln nicht unbedingt die Ansichten des Ministeriums f\u00fcr Umwelt, Klima und Energie oder des Eko sklad j.s. wider.<\/em><\/p>\n","protected":false},"excerpt":{"rendered":"<p>Im Juni 2024 haben wir mit der Umsetzung eines einj\u00e4hrigen Projekts \u201eNachhaltige Ern\u00e4hrung auf dem Land\u201c begonnen, das sich auf verschiedene Weisen mit dem Thema nachhaltige Ern\u00e4hrung auf dem Land auseinandersetzt. Weitere Informationen zum Projekt findest du unten \u2013 von den grundlegenden Zielen und Absichten, den geplanten Inhalten bis hin zum vorl\u00e4ufigen Zeitplan. <\/p>\n","protected":false},"author":2,"featured_media":10187,"comment_status":"closed","ping_status":"open","sticky":false,"template":"","format":"standard","meta":{"uix_meta_title":"","uix_meta_description":"","uix_canonical_url":"","footnotes":""},"categories":[26],"tags":[],"class_list":["post-10185","post","type-post","status-publish","format-standard","has-post-thumbnail","hentry","category-nachricht"],"_links":{"self":[{"href":"https:\/\/www.makrobios.si\/de\/wp-json\/wp\/v2\/posts\/10185","targetHints":{"allow":["GET"]}}],"collection":[{"href":"https:\/\/www.makrobios.si\/de\/wp-json\/wp\/v2\/posts"}],"about":[{"href":"https:\/\/www.makrobios.si\/de\/wp-json\/wp\/v2\/types\/post"}],"author":[{"embeddable":true,"href":"https:\/\/www.makrobios.si\/de\/wp-json\/wp\/v2\/users\/2"}],"replies":[{"embeddable":true,"href":"https:\/\/www.makrobios.si\/de\/wp-json\/wp\/v2\/comments?post=10185"}],"version-history":[{"count":1,"href":"https:\/\/www.makrobios.si\/de\/wp-json\/wp\/v2\/posts\/10185\/revisions"}],"predecessor-version":[{"id":10191,"href":"https:\/\/www.makrobios.si\/de\/wp-json\/wp\/v2\/posts\/10185\/revisions\/10191"}],"wp:featuredmedia":[{"embeddable":true,"href":"https:\/\/www.makrobios.si\/de\/wp-json\/wp\/v2\/media\/10187"}],"wp:attachment":[{"href":"https:\/\/www.makrobios.si\/de\/wp-json\/wp\/v2\/media?parent=10185"}],"wp:term":[{"taxonomy":"category","embeddable":true,"href":"https:\/\/www.makrobios.si\/de\/wp-json\/wp\/v2\/categories?post=10185"},{"taxonomy":"post_tag","embeddable":true,"href":"https:\/\/www.makrobios.si\/de\/wp-json\/wp\/v2\/tags?post=10185"}],"curies":[{"name":"wp","href":"https:\/\/api.w.org\/{rel}","templated":true}]}}